{"id":87293,"date":"2025-12-08T09:10:43","date_gmt":"2025-12-08T15:10:43","guid":{"rendered":"https:\/\/bambapolitica.com.mx\/?p=87293"},"modified":"2025-12-08T09:10:46","modified_gmt":"2025-12-08T15:10:46","slug":"nueva-balacera-exhibe-la-descomposicion-en-la-paz-por-que-la-alcaldesa-martha-guerrero-mantiene-abiertos-los-antros-de-violencia","status":"publish","type":"post","link":"https:\/\/bambapolitica.com.mx\/index.php\/2025\/12\/08\/nueva-balacera-exhibe-la-descomposicion-en-la-paz-por-que-la-alcaldesa-martha-guerrero-mantiene-abiertos-los-antros-de-violencia\/","title":{"rendered":"NUEVA BALACERA EXHIBE LA DESCOMPOSICI\u00d3N EN LA PAZ: \u00bfPOR QU\u00c9 LA ALCALDESA MARTHA GUERRERO MANTIENE ABIERTOS LOS ANTROS DE VIOLENCIA?"},"content":{"rendered":"\n<p>* Bar \u201cLa Europea\u201d, el antro consentido del poder local, vuelve a te\u00f1irse de sangre mientras la alcaldesa Martha Guerrero y su esposo mantienen abierta la ruta de la violencia y el vicio en La Paz.<\/p>\n\n\n\n<p>LOS REYES LA PAZ, Estado de M\u00e9xico, 5 de diciembre de 2025.- La violencia volvi\u00f3 a irrumpir en el coraz\u00f3n pol\u00edtico de La Paz. Cerca de las 10 de la noche de ayer jueves, una balacera al interior del bar \u201cLa Europea\u201d, ubicado literalmente a espaldas del Palacio Municipal \u2014donde despacha la alcaldesa morenista Martha Guerrero S\u00e1nchez junto con su esposo, Tranquilino Lagos Buenabad. El hecho sangriento dej\u00f3 un saldo de dos personas sin vida y una m\u00e1s detenida.<\/p>\n\n\n\n<p>El ataque ocurri\u00f3 mientras el establecimiento funcionaba con normalidad, generando escenas de terror entre clientes y trabajadores. Tras la r\u00e1faga de disparos, testigos solicitaron apoyo de los servicios de emergencia. Elementos de seguridad p\u00fablica confirmaron que dos hombres ya no contaban con signos vitales y aseguraron en el sitio a un individuo presuntamente relacionado con los hechos.<\/p>\n\n\n\n<p>UN BAR CON HISTORIAL SANGRIENTO<\/p>\n\n\n\n<p>No se trata de un hecho aislado. \u201cLa Europea\u201d se ha convertido \u2014desde hace a\u00f1os\u2014 en un foco rojo permanente. En marzo de 2023, al menos seis personas fueron heridas de bala cuando un gatillero del crimen organizado irrumpi\u00f3 y dispar\u00f3 contra la clientela. Testigos aseguraron entonces que el ataque iba dirigido a las meseras del club nocturno. La Fiscal\u00eda mexiquense report\u00f3 que todos los lesionados eran hombres, pero versiones extraoficiales se\u00f1alaron que dos mujeres tambi\u00e9n fueron alcanzadas por los disparos de una pistola calibre 9 mil\u00edmetros y murieron horas despu\u00e9s.<\/p>\n\n\n\n<p>A pesar de estos antecedentes, el bar sigue operando con absoluta normalidad. La permisividad es evidente y la pregunta es inevitable: \u00bfqu\u00e9 inter\u00e9s tiene la alcaldesa Martha Guerrero y su esposo Tranquilino Lagos en mantener abiertos estos antros de vicio?<\/p>\n\n\n\n<p>ANTROS TOLERADOS, DELITOS NORMALIZADOS<\/p>\n\n\n\n<p>Vecinos y comerciantes del centro de La Paz se\u00f1alan lo que todos saben: en estos establecimientos no solo se venden bebidas alcoh\u00f3licas, sino que se fomenta la prostituci\u00f3n y operan como centros de distribuci\u00f3n de drogas, tolerados por la autoridad municipal.<\/p>\n\n\n\n<p>Pareciera \u2014dicen los lugare\u00f1os\u2014 que la pareja que gobierna La Paz est\u00e1 m\u00e1s interesada en la proliferaci\u00f3n de bares, consumo de alcohol, prostituci\u00f3n y ambiente criminal, que en impulsar espacios educativos o de desarrollo para los j\u00f3venes del municipio. La cabecera municipal ofrece una postal lamentable: calles enteras tapizadas de antros de mala muerte, operando ante la mirada complaciente del gobierno local.<\/p>\n\n\n\n<p>LA ALCALDESA NO REGULA\u2026 PERO S\u00cd PERMITE<\/p>\n\n\n\n<p>Aunque es cierto que la alcaldesa no cuenta con facultades directas para clausurar estos lugares, s\u00ed puede solicitar la intervenci\u00f3n de la Fiscal\u00eda General de Justicia del Estado de M\u00e9xico, especialmente cuando se trata de establecimientos que no cumplen con la normatividad y que representan un riesgo para la poblaci\u00f3n. Sin embargo, nada de eso ocurre en La Paz.<\/p>\n\n\n\n<p>Por el contrario, todo indica que a la administraci\u00f3n morenista le conviene mantener viva esta red de bares y centros nocturnos, convertidos en tierra f\u00e9rtil para delitos, consumo de sustancias y presencia de grupos criminales.<\/p>\n\n\n\n<p>UNA CIUDAD TOMADA POR LOS ANTROS<\/p>\n\n\n\n<p>Recorrer las calles del centro municipal confirma la degradaci\u00f3n: negocios clandestinos, giros negros disfrazados de bares, y una afluencia constante de \u201cfin\u00edsimas personas\u201d, como ir\u00f3nicamente mencionan los vecinos, quienes afirman que estos lugares operan con total impunidad porque cuentan con protecci\u00f3n pol\u00edtica.<\/p>\n\n\n\n<p>Mientras tanto, la violencia crece, los homicidios se repiten y la seguridad p\u00fablica se desvanece entre luces de ne\u00f3n y m\u00fasica a todo volumen, en un municipio donde la autoridad \u2014lejos de combatir los focos rojos\u2014 parece empe\u00f1ada en alimentar un ecosistema criminal que ya cobr\u00f3 nuevas vidas.<\/p>\n","protected":false},"excerpt":{"rendered":"<p>* Bar \u201cLa Europea\u201d, el antro consentido del poder local, vuelve a te\u00f1irse de sangre&#8230;<\/p>\n","protected":false},"author":3,"featured_media":87294,"comment_status":"closed","ping_status":"closed","sticky":false,"template":"","format":"standard","meta":{"footnotes":""},"categories":[17],"tags":[],"class_list":["post-87293","post","type-post","status-publish","format-standard","has-post-thumbnail","hentry","category-nacional"],"_links":{"self":[{"href":"https:\/\/bambapolitica.com.mx\/index.php\/wp-json\/wp\/v2\/posts\/87293","targetHints":{"allow":["GET"]}}],"collection":[{"href":"https:\/\/bambapolitica.com.mx\/index.php\/wp-json\/wp\/v2\/posts"}],"about":[{"href":"https:\/\/bambapolitica.com.mx\/index.php\/wp-json\/wp\/v2\/types\/post"}],"author":[{"embeddable":true,"href":"https:\/\/bambapolitica.com.mx\/index.php\/wp-json\/wp\/v2\/users\/3"}],"replies":[{"embeddable":true,"href":"https:\/\/bambapolitica.com.mx\/index.php\/wp-json\/wp\/v2\/comments?post=87293"}],"version-history":[{"count":1,"href":"https:\/\/bambapolitica.com.mx\/index.php\/wp-json\/wp\/v2\/posts\/87293\/revisions"}],"predecessor-version":[{"id":87295,"href":"https:\/\/bambapolitica.com.mx\/index.php\/wp-json\/wp\/v2\/posts\/87293\/revisions\/87295"}],"wp:featuredmedia":[{"embeddable":true,"href":"https:\/\/bambapolitica.com.mx\/index.php\/wp-json\/wp\/v2\/media\/87294"}],"wp:attachment":[{"href":"https:\/\/bambapolitica.com.mx\/index.php\/wp-json\/wp\/v2\/media?parent=87293"}],"wp:term":[{"taxonomy":"category","embeddable":true,"href":"https:\/\/bambapolitica.com.mx\/index.php\/wp-json\/wp\/v2\/categories?post=87293"},{"taxonomy":"post_tag","embeddable":true,"href":"https:\/\/bambapolitica.com.mx\/index.php\/wp-json\/wp\/v2\/tags?post=87293"}],"curies":[{"name":"wp","href":"https:\/\/api.w.org\/{rel}","templated":true}]}}