{"id":87296,"date":"2025-12-08T09:14:24","date_gmt":"2025-12-08T15:14:24","guid":{"rendered":"https:\/\/bambapolitica.com.mx\/?p=87296"},"modified":"2025-12-08T09:14:27","modified_gmt":"2025-12-08T15:14:27","slug":"mas-de-13-mil-hombres-reciben-atencion-medica-preventiva-durante-las-jornadas-de-salud-del-gobierno-del-edomex","status":"publish","type":"post","link":"https:\/\/bambapolitica.com.mx\/index.php\/2025\/12\/08\/mas-de-13-mil-hombres-reciben-atencion-medica-preventiva-durante-las-jornadas-de-salud-del-gobierno-del-edomex\/","title":{"rendered":"M\u00e1s de 13 mil hombres reciben atenci\u00f3n m\u00e9dica preventiva durante las Jornadas de Salud del Gobierno del EdoM\u00e9x"},"content":{"rendered":"\n<p>TOLUCA, Estado de M\u00e9xico.\u2013 M\u00e1s de 13 mil hombres de distintas edades accedieron a servicios gratuitos de atenci\u00f3n preventiva que ofreci\u00f3 el Gobierno del Estado de M\u00e9xico durante las Jornadas de Salud \u201cNoviembre de ellos, cuida tu salud, cuida tu vida\u201d, en las que se realizaron m\u00e1s de 55 mil acciones m\u00e9dicas.<\/p>\n\n\n\n<p>A trav\u00e9s del personal de las 19 Jurisdicciones Sanitarias, esta estrategia, impulsada por la Gobernadora Delfina G\u00f3mez \u00c1lvarez, llev\u00f3 a comunidades de los 125 municipios consultas m\u00e9dicas, vacunaci\u00f3n, detecciones oportunas, orientaci\u00f3n nutricional, apoyo psicol\u00f3gico y servicios para la prevenci\u00f3n del suicidio y el estr\u00e9s, entre otras atenciones esenciales.<\/p>\n\n\n\n<p>La Secretar\u00eda de Salud estatal indic\u00f3 que esta iniciativa forma parte del trabajo permanente del primer nivel de atenci\u00f3n y busca impulsar una cultura de autocuidado entre los hombres, especialmente en zonas con acceso limitado a servicios m\u00e9dicos.<\/p>\n\n\n\n<p>Las actividades, dirigidas a hombres desde los 10 a\u00f1os, incluyeron consultas de medicina general, nutrici\u00f3n y odontolog\u00eda; detecciones de ant\u00edgeno prost\u00e1tico, glucosa, hipertensi\u00f3n arterial, s\u00edfilis, hepatitis B y VIH; as\u00ed como encuestas de factores de riesgo e informaci\u00f3n sobre planificaci\u00f3n familiar, adicciones, salud mental y violencia.<\/p>\n\n\n\n<p>La dependencia invit\u00f3 a la poblaci\u00f3n masculina a mantenerse cercana a su Centro de Salud m\u00e1s pr\u00f3ximo, ya que los servicios de prevenci\u00f3n, detecci\u00f3n y atenci\u00f3n primaria se brindan de manera continua durante todo el a\u00f1o.<\/p>\n","protected":false},"excerpt":{"rendered":"<p>TOLUCA, Estado de M\u00e9xico.\u2013 M\u00e1s de 13 mil hombres de distintas edades accedieron a servicios&#8230;<\/p>\n","protected":false},"author":3,"featured_media":87297,"comment_status":"closed","ping_status":"closed","sticky":false,"template":"","format":"standard","meta":{"footnotes":""},"categories":[17],"tags":[],"class_list":["post-87296","post","type-post","status-publish","format-standard","has-post-thumbnail","hentry","category-nacional"],"_links":{"self":[{"href":"https:\/\/bambapolitica.com.mx\/index.php\/wp-json\/wp\/v2\/posts\/87296","targetHints":{"allow":["GET"]}}],"collection":[{"href":"https:\/\/bambapolitica.com.mx\/index.php\/wp-json\/wp\/v2\/posts"}],"about":[{"href":"https:\/\/bambapolitica.com.mx\/index.php\/wp-json\/wp\/v2\/types\/post"}],"author":[{"embeddable":true,"href":"https:\/\/bambapolitica.com.mx\/index.php\/wp-json\/wp\/v2\/users\/3"}],"replies":[{"embeddable":true,"href":"https:\/\/bambapolitica.com.mx\/index.php\/wp-json\/wp\/v2\/comments?post=87296"}],"version-history":[{"count":1,"href":"https:\/\/bambapolitica.com.mx\/index.php\/wp-json\/wp\/v2\/posts\/87296\/revisions"}],"predecessor-version":[{"id":87298,"href":"https:\/\/bambapolitica.com.mx\/index.php\/wp-json\/wp\/v2\/posts\/87296\/revisions\/87298"}],"wp:featuredmedia":[{"embeddable":true,"href":"https:\/\/bambapolitica.com.mx\/index.php\/wp-json\/wp\/v2\/media\/87297"}],"wp:attachment":[{"href":"https:\/\/bambapolitica.com.mx\/index.php\/wp-json\/wp\/v2\/media?parent=87296"}],"wp:term":[{"taxonomy":"category","embeddable":true,"href":"https:\/\/bambapolitica.com.mx\/index.php\/wp-json\/wp\/v2\/categories?post=87296"},{"taxonomy":"post_tag","embeddable":true,"href":"https:\/\/bambapolitica.com.mx\/index.php\/wp-json\/wp\/v2\/tags?post=87296"}],"curies":[{"name":"wp","href":"https:\/\/api.w.org\/{rel}","templated":true}]}}