{"id":87299,"date":"2025-12-08T09:19:14","date_gmt":"2025-12-08T15:19:14","guid":{"rendered":"https:\/\/bambapolitica.com.mx\/?p=87299"},"modified":"2025-12-08T09:19:16","modified_gmt":"2025-12-08T15:19:16","slug":"en-soledad-de-doblado-la-unidad-sera-el-simbolo-de-progreso-y-modernizacion","status":"publish","type":"post","link":"https:\/\/bambapolitica.com.mx\/index.php\/2025\/12\/08\/en-soledad-de-doblado-la-unidad-sera-el-simbolo-de-progreso-y-modernizacion\/","title":{"rendered":"EN SOLEDAD DE DOBLADO LA UNIDAD SERA EL S\u00cdMBOLO DE PROGRESO Y MODERNIZACI\u00d3N"},"content":{"rendered":"\n<p>Esta ma\u00f1ana la Alcaldesa electa Lic Elsa M\u00e9ndez Ibarra se reunio con autoridades ejidales en una charla amena para acordar su participaci\u00f3n y presencia en estas fiestas patronales de la Candelaria donde se Cordinaron en participar con sus productos que se cultivan en la region su cultura grastronomia y desde luego destacando el sector ganadero sin duda alguna ser\u00e1 una Las mejores fiestas de la Candelaria en Soledad de Doblado, Ver, es una vibrante celebraci\u00f3n popular a principios de febrero, destacando por sus desfiles alegres con carros aleg\u00f3ricos y comparsas, la presencia de artistas famosos y desde luego una gran cabalgata donde participaran jinetes de diferentes partes del estado. en honor ala Candelaria, creando un ambiente de mucha alegr\u00eda y tradici\u00f3n veracruzana.<\/p>\n","protected":false},"excerpt":{"rendered":"<p>Esta ma\u00f1ana la Alcaldesa electa Lic Elsa M\u00e9ndez Ibarra se reunio con autoridades ejidales en&#8230;<\/p>\n","protected":false},"author":3,"featured_media":87300,"comment_status":"closed","ping_status":"closed","sticky":false,"template":"","format":"standard","meta":{"footnotes":""},"categories":[17],"tags":[],"class_list":["post-87299","post","type-post","status-publish","format-standard","has-post-thumbnail","hentry","category-nacional"],"_links":{"self":[{"href":"https:\/\/bambapolitica.com.mx\/index.php\/wp-json\/wp\/v2\/posts\/87299","targetHints":{"allow":["GET"]}}],"collection":[{"href":"https:\/\/bambapolitica.com.mx\/index.php\/wp-json\/wp\/v2\/posts"}],"about":[{"href":"https:\/\/bambapolitica.com.mx\/index.php\/wp-json\/wp\/v2\/types\/post"}],"author":[{"embeddable":true,"href":"https:\/\/bambapolitica.com.mx\/index.php\/wp-json\/wp\/v2\/users\/3"}],"replies":[{"embeddable":true,"href":"https:\/\/bambapolitica.com.mx\/index.php\/wp-json\/wp\/v2\/comments?post=87299"}],"version-history":[{"count":1,"href":"https:\/\/bambapolitica.com.mx\/index.php\/wp-json\/wp\/v2\/posts\/87299\/revisions"}],"predecessor-version":[{"id":87301,"href":"https:\/\/bambapolitica.com.mx\/index.php\/wp-json\/wp\/v2\/posts\/87299\/revisions\/87301"}],"wp:featuredmedia":[{"embeddable":true,"href":"https:\/\/bambapolitica.com.mx\/index.php\/wp-json\/wp\/v2\/media\/87300"}],"wp:attachment":[{"href":"https:\/\/bambapolitica.com.mx\/index.php\/wp-json\/wp\/v2\/media?parent=87299"}],"wp:term":[{"taxonomy":"category","embeddable":true,"href":"https:\/\/bambapolitica.com.mx\/index.php\/wp-json\/wp\/v2\/categories?post=87299"},{"taxonomy":"post_tag","embeddable":true,"href":"https:\/\/bambapolitica.com.mx\/index.php\/wp-json\/wp\/v2\/tags?post=87299"}],"curies":[{"name":"wp","href":"https:\/\/api.w.org\/{rel}","templated":true}]}}