{"id":87302,"date":"2025-12-08T09:22:00","date_gmt":"2025-12-08T15:22:00","guid":{"rendered":"https:\/\/bambapolitica.com.mx\/?p=87302"},"modified":"2025-12-08T09:22:03","modified_gmt":"2025-12-08T15:22:03","slug":"la-presidenta-martha-guerrero-rinde-primer-informe-de-gobierno","status":"publish","type":"post","link":"https:\/\/bambapolitica.com.mx\/index.php\/2025\/12\/08\/la-presidenta-martha-guerrero-rinde-primer-informe-de-gobierno\/","title":{"rendered":"LA PRESIDENTA MARTHA GUERRERO RINDE PRIMER INFORME DE GOBIERNO"},"content":{"rendered":"\n<p>La Paz, Edomex., a 06 de diciembre de 2025.- Al rendir su Primer Informe de Gobierno en un acto multitudinario, la Presidenta Municipal de La Paz, Martha Guerrero S\u00e1nchez, afirm\u00f3 que el 1 de enero del 2025 \u201ccomenzamos una etapa diferente en nuestro municipio, donde nosotros ten\u00edamos bastante claro que venimos a servir y no a servirnos. Hoy me toca estar al frente de un gobierno diferente, donde trabajamos todos los d\u00edas para el bienestar de todas, todos y todes\u201d.<\/p>\n\n\n\n<p>Al llegar a la administraci\u00f3n, destac\u00f3, \u201cencontramos un municipio totalmente saqueado, endeudado, desordenado y en p\u00e9simas condiciones; lejos de buscar el bien com\u00fan, se dedicaron a propiciar y tolerar la corrupci\u00f3n e impunidad. \u00a1Y eso, eso ya se acab\u00f3!\u201d<\/p>\n\n\n\n<p>Ante miles de vecinas y vecinos de todos los rincones del municipio, y acompa\u00f1ada por el Senador Higinio Mart\u00ednez Miranda; el Secretario de Movilidad, Daniel Sibaja; y el Secretario del Trabajo del Estado de M\u00e9xico, Norberto Morales Poblete, representante de la Gobernadora Delfina G\u00f3mez, la Presidenta Guerrero S\u00e1nchez admiti\u00f3 que pareciera que no, pero en La Paz existe mucha necesidad, no solamente de servicios, sino tambi\u00e9n de lo m\u00e1s b\u00e1sico, como el almacenamiento del agua, alimentaci\u00f3n, salud y educaci\u00f3n.<\/p>\n\n\n\n<p>A unos d\u00edas de cumplir un a\u00f1o de gobierno, dijo, les puedo decir con toda franqueza que hemos sabido salir adelante. \u201cNo ha sido sencillo, tenemos un retraso de m\u00e1s de 40 a\u00f1os, pero a pesar de todas las limitaciones, verdaderamente estamos sentando las bases para mejorar la calidad de vida en nuestro municipio\u201d.<\/p>\n\n\n\n<p>Aqu\u00ed, prosigui\u00f3, quiero expresar mi m\u00e1s sincero agradecimiento a CONAGUA y a CAEM por su valiosa ayuda para poder atender y mitigar las inundaciones registradas en nuestro municipio durante las lluvias at\u00edpicas, porque la verdad es que sin ellos no podr\u00edamos haberlo hecho. A las familias afectadas por esta contingencia se les brind\u00f3 ayuda de manera r\u00e1pida y responsable.<\/p>\n\n\n\n<p>En este punto, indic\u00f3, es importante decir que cuando llegamos, solamente cont\u00e1bamos con un vactor y una pipa, OPDAPAS con una deuda de casi mil millones de pesos, un organismo donde el agua era solo negocio.<\/p>\n\n\n\n<p>Bajo el lema \u201cGobernamos con el Coraz\u00f3n, Servimos con Resultados\u201d, la Edil Guerrero S\u00e1nchez inform\u00f3 que, por primera vez en la historia, tenemos de manera inicial 207 millones entre agua y drenaje; y a ra\u00edz del problema de las inundaciones que por d\u00e9cadas hemos sufrido, tendremos una inversi\u00f3n de 500 millones de pesos adicionales, solamente para atender el tema de las contingencias de agua.<\/p>\n\n\n\n<p>Y resalt\u00f3 la importancia del discurso de la Doctora Claudia del 1 de octubre de 2024, cuando recibimos una sorpresa muy grande al escuchar que La Paz estaba entre los 10 municipios mexiquenses que forman parte de los 100 compromisos del Gobierno de M\u00e9xico, manifiestos en el Plan Integral de la Zona Oriente del Estado de M\u00e9xico, y tambi\u00e9n impulsado por el Gobierno del Estado de M\u00e9xico que encabeza la maestra Delfina G\u00f3mez \u00c1lvarez.<\/p>\n\n\n\n<p>Enfatiz\u00f3 que en este primer a\u00f1o de gobierno \u201caplicamos la austeridad republicana y en un ambiente de finanzas sanas compramos: 5 pipas, 6 compactadores de basura, 2 camiones de volteo y 2 retroexcavadoras.<\/p>\n\n\n\n<p>Anunci\u00f3 que en puerta se tiene la Universidad Rosario Castellanos, un Bachillerato, una Unidad M\u00e9dico Familiar Plus, Centro de Educaci\u00f3n y Cuidado Infantil (CESI) y un Centro de Salud con Servicios Ampliados (CESSA). Y ya son una realidad: 25 kil\u00f3metros de Senderos de Paz, 2 obras de SEDATU de 5 millones de pesos cada una en San Jos\u00e9 las Palmas y Lomas de San Isidro, y un tren de maquinaria para pavimentar.<\/p>\n\n\n\n<p>En los campos de f\u00fatbol, ubicados en la Cabecera Municipal, la Presidenta Martha Guerrero dijo que se adquirieron uniformes y 50 patrullas, mejorando las condiciones laborales de los polic\u00edas. \u201cNo hemos erradicado la inseguridad, pero s\u00ed hemos bajado el \u00edndice delictivo. Hoy existe una verdadera coordinaci\u00f3n entre la Marina, Guardia Nacional, Polic\u00eda Estatal y Polic\u00eda Municipal\u201d, se\u00f1al\u00f3.<\/p>\n\n\n\n<p>En el rubro de salud, inform\u00f3 que con el programa Tarjeta \u201cTu salud es primero\u201d, se brindaron consultas m\u00e9dicas gratuitas a m\u00e1s de 10,000 personas y se entregaron m\u00e1s de 28,000 medicamentos gratuitos. Tambi\u00e9n se repartieron 20,000 despensas a 4,000 familias del municipio, como parte del programa Alimentado Corazones; se entregaron 2,000 tinacos a familias que carec\u00edan de dep\u00f3sitos para almacenamiento de agua, especialmente de las zonas altas.<\/p>\n\n\n\n<p>Ante una audiencia entusiasta, la Alcaldesa Guerrero S\u00e1nchez expres\u00f3: Soy una Presidenta Municipal que con mucha humildad les dice que viene de paso, pero no tengan la menor duda que desde el d\u00eda en que llegu\u00e9, hasta el d\u00eda que me retire, no dejar\u00e9 de trabajar.<\/p>\n\n\n\n<p>En su momento, el Secretario del Trabajo, Morales Poblete, reconoci\u00f3 el trabajo que ha desempe\u00f1ado la alcaldesa Guerrero S\u00e1nchez, quien ha logrado transformar a La Paz en s\u00f3lo un a\u00f1o, y \u201cvamos por buen camino con el apoyo de la Presidenta de la Rep\u00fablica, la doctora Claudia, y la gobernadora Mexiquense, Delfina G\u00f3mez, al incluir al municipio dentro del Plan del Oriente\u201d.<\/p>\n\n\n\n<p>Ante invitados especiales como presidentes municipales y diputados de la entidad, Morales Poblete coment\u00f3 que faltan cosas por hacer, pero se sabe que con el trabajo de la edil Martha Guerrero saldr\u00e1 adelante el municipio de La Paz; a trabajar con toda la comunidad para garantizar que la gente viva en paz y tranquilidad.<\/p>\n","protected":false},"excerpt":{"rendered":"<p>La Paz, Edomex., a 06 de diciembre de 2025.- Al rendir su Primer Informe de&#8230;<\/p>\n","protected":false},"author":3,"featured_media":87303,"comment_status":"closed","ping_status":"closed","sticky":false,"template":"","format":"standard","meta":{"footnotes":""},"categories":[17],"tags":[],"class_list":["post-87302","post","type-post","status-publish","format-standard","has-post-thumbnail","hentry","category-nacional"],"_links":{"self":[{"href":"https:\/\/bambapolitica.com.mx\/index.php\/wp-json\/wp\/v2\/posts\/87302","targetHints":{"allow":["GET"]}}],"collection":[{"href":"https:\/\/bambapolitica.com.mx\/index.php\/wp-json\/wp\/v2\/posts"}],"about":[{"href":"https:\/\/bambapolitica.com.mx\/index.php\/wp-json\/wp\/v2\/types\/post"}],"author":[{"embeddable":true,"href":"https:\/\/bambapolitica.com.mx\/index.php\/wp-json\/wp\/v2\/users\/3"}],"replies":[{"embeddable":true,"href":"https:\/\/bambapolitica.com.mx\/index.php\/wp-json\/wp\/v2\/comments?post=87302"}],"version-history":[{"count":1,"href":"https:\/\/bambapolitica.com.mx\/index.php\/wp-json\/wp\/v2\/posts\/87302\/revisions"}],"predecessor-version":[{"id":87304,"href":"https:\/\/bambapolitica.com.mx\/index.php\/wp-json\/wp\/v2\/posts\/87302\/revisions\/87304"}],"wp:featuredmedia":[{"embeddable":true,"href":"https:\/\/bambapolitica.com.mx\/index.php\/wp-json\/wp\/v2\/media\/87303"}],"wp:attachment":[{"href":"https:\/\/bambapolitica.com.mx\/index.php\/wp-json\/wp\/v2\/media?parent=87302"}],"wp:term":[{"taxonomy":"category","embeddable":true,"href":"https:\/\/bambapolitica.com.mx\/index.php\/wp-json\/wp\/v2\/categories?post=87302"},{"taxonomy":"post_tag","embeddable":true,"href":"https:\/\/bambapolitica.com.mx\/index.php\/wp-json\/wp\/v2\/tags?post=87302"}],"curies":[{"name":"wp","href":"https:\/\/api.w.org\/{rel}","templated":true}]}}