{"id":87305,"date":"2025-12-08T09:24:33","date_gmt":"2025-12-08T15:24:33","guid":{"rendered":"https:\/\/bambapolitica.com.mx\/?p=87305"},"modified":"2025-12-08T09:24:37","modified_gmt":"2025-12-08T15:24:37","slug":"javier-mendoza-vasquez-alcalde-de-chicoloapan-rindio-su-primer-informe-de-gobierno-ante-funcionarios-federales-y-del-edomex-asi-como-de-habitantes-de-esta-region","status":"publish","type":"post","link":"https:\/\/bambapolitica.com.mx\/index.php\/2025\/12\/08\/javier-mendoza-vasquez-alcalde-de-chicoloapan-rindio-su-primer-informe-de-gobierno-ante-funcionarios-federales-y-del-edomex-asi-como-de-habitantes-de-esta-region\/","title":{"rendered":"Javier Mendoza V\u00e1squez alcalde de Chicoloapan; rindi\u00f3 su primer informe de gobierno ante funcionarios federales y del Edom\u00e9x, as\u00ed como de habitantes de esta regi\u00f3n"},"content":{"rendered":"\n<p>Chicoloapan, M\u00e9xico._Las acciones de gobierno est\u00e1n a la vista de los ciudadanos de Chicoloapan, y dando paso a la rendici\u00f3n de cuentas o sea el estado que guarda al gobierno en turno, encabezado por el alcalde morenista<br>Javier Mendoza V\u00e1squez, quien rindi\u00f3 un mensaje muy emotivo con motivo de su primer informe de gobierno, d\u00f3nde resalto la inversi\u00f3n en infraestructura b\u00e1sica, la rehabilitaci\u00f3n de pozos, la construcci\u00f3n de senderos seguros, repavimentaci\u00f3n, construcci\u00f3n de aulas educativas, seguridad, salud, entre muchas cosas m\u00e1s para el bienestar de los Chicoloapenses.<\/p>\n\n\n\n<p>Es as\u00ed, que dijo que con la coordinaci\u00f3n con los gobiernos federal y estatal es posible la puesta en marcha del plan maestro para el Oriente mexiquense, \u00e9sto para la realizaci\u00f3n de obras en c\u00e1rcamos, agua potable, el hospital general que estar\u00e1 en funcionamiento en el mes de marzo del 2026, el tren de pavimentaci\u00f3n, parques comunitarios, entre otras acciones m\u00e1s del gobierno en turno.<\/p>\n\n\n\n<p>En su intervenci\u00f3n de Armando Quintero fue muy claro al hablar del plan, del cual es el coordinador, desde el dise\u00f1o y creaci\u00f3n por parte de la presidenta de la Rep\u00fablica Claudia Sheinbaum Pardo. D\u00f3nde con su planeaci\u00f3n e instrumentaci\u00f3n para el mejoramiento urbano en la regi\u00f3n oriente se tiene contemplado acabar con el rezago social en la que estaban olvidados los ciudadanos de esta zona, dijo.<\/p>\n\n\n\n<p>Asimismo, cabe resaltar que Chicoloapan est\u00e1 en la transformaci\u00f3n con trabajos de infraestructura urbana en cada una de las comunidades de esta poblaci\u00f3n Chicoloapense, esto gracias a la gesti\u00f3n y sensibilidad humana del presidente municipal Javier Mendoza V\u00e1squez, quien a partir del primer d\u00eda de inicio de la presente administraci\u00f3n municipal, asumi\u00f3 su compromiso con toda actitud y la prueba est\u00e1 a la vista de los habitantes de esta regi\u00f3n del Estado de M\u00e9xico.<\/p>\n","protected":false},"excerpt":{"rendered":"<p>Chicoloapan, M\u00e9xico._Las acciones de gobierno est\u00e1n a la vista de los ciudadanos de Chicoloapan, y&#8230;<\/p>\n","protected":false},"author":3,"featured_media":87306,"comment_status":"closed","ping_status":"closed","sticky":false,"template":"","format":"standard","meta":{"footnotes":""},"categories":[4],"tags":[],"class_list":["post-87305","post","type-post","status-publish","format-standard","has-post-thumbnail","hentry","category-noticias-del-dia"],"_links":{"self":[{"href":"https:\/\/bambapolitica.com.mx\/index.php\/wp-json\/wp\/v2\/posts\/87305","targetHints":{"allow":["GET"]}}],"collection":[{"href":"https:\/\/bambapolitica.com.mx\/index.php\/wp-json\/wp\/v2\/posts"}],"about":[{"href":"https:\/\/bambapolitica.com.mx\/index.php\/wp-json\/wp\/v2\/types\/post"}],"author":[{"embeddable":true,"href":"https:\/\/bambapolitica.com.mx\/index.php\/wp-json\/wp\/v2\/users\/3"}],"replies":[{"embeddable":true,"href":"https:\/\/bambapolitica.com.mx\/index.php\/wp-json\/wp\/v2\/comments?post=87305"}],"version-history":[{"count":1,"href":"https:\/\/bambapolitica.com.mx\/index.php\/wp-json\/wp\/v2\/posts\/87305\/revisions"}],"predecessor-version":[{"id":87307,"href":"https:\/\/bambapolitica.com.mx\/index.php\/wp-json\/wp\/v2\/posts\/87305\/revisions\/87307"}],"wp:featuredmedia":[{"embeddable":true,"href":"https:\/\/bambapolitica.com.mx\/index.php\/wp-json\/wp\/v2\/media\/87306"}],"wp:attachment":[{"href":"https:\/\/bambapolitica.com.mx\/index.php\/wp-json\/wp\/v2\/media?parent=87305"}],"wp:term":[{"taxonomy":"category","embeddable":true,"href":"https:\/\/bambapolitica.com.mx\/index.php\/wp-json\/wp\/v2\/categories?post=87305"},{"taxonomy":"post_tag","embeddable":true,"href":"https:\/\/bambapolitica.com.mx\/index.php\/wp-json\/wp\/v2\/tags?post=87305"}],"curies":[{"name":"wp","href":"https:\/\/api.w.org\/{rel}","templated":true}]}}