{"id":87311,"date":"2025-12-08T09:47:17","date_gmt":"2025-12-08T15:47:17","guid":{"rendered":"https:\/\/bambapolitica.com.mx\/?p=87311"},"modified":"2025-12-08T09:47:20","modified_gmt":"2025-12-08T15:47:20","slug":"claudia-guerrero-martinez","status":"publish","type":"post","link":"https:\/\/bambapolitica.com.mx\/index.php\/2025\/12\/08\/claudia-guerrero-martinez\/","title":{"rendered":"Claudia Guerrero Mart\u00ednez"},"content":{"rendered":"\n<p>Trasciende que en la oficina principal de la Fiscal\u00eda General del Estado de Veracruz, desde este pasado s\u00e1bado y domingo est\u00e1n sacado cajas y cajas, sin que haya control sobre qu\u00e9 documentos est\u00e1n retirando en la FGE. Y peor, que Marcela Aguilera Landeta, la encargada de fabricar carpetas de investigaci\u00f3n y testigos fantasmas, ya no se present\u00f3 a recoger las \u00faltimas pertenencias que olvid\u00f3, pues aseguran haber salido del Estado y quiz\u00e1 hasta del pa\u00eds.<\/p>\n\n\n\n<p>Tambi\u00e9n comentan, andar preocupado el conocido como \u201cEl P\u00e1mpano\u201d, ya que sobre su cabeza pesa una advertencia de cierto exgobernador de Veracruz.<\/p>\n\n\n\n<p>No cabe duda, vienen los tiempos de \u201crecoger varas\u201d para algunos funcionarios de la Fiscal\u00eda del Estado. O como reza el dicho, pasan a ser reses y dejan de ser carniceros.<\/p>\n\n\n\n<p>Esto que sirva de ejemplo a los actuales funcionarios estatales, pues el poder no dura para siempre. Y el berrinche de la gobernadora Roc\u00edo Nahle de imponer a Lisbeth Aurelia Jim\u00e9nez Aguirre como fiscal general este lunes. Aunque va a llegar con una mancha que pone entredicho su actuar en el Poder Judicial, ya que trae un quebranto patrimonial considerable sin aclarar ante la Auditor\u00eda Superior de la Federaci\u00f3n y se menciona ser decenas de millones de pesos, que por cierto, el d\u00eda viernes se emiti\u00f3 ya el pliego del presunto da\u00f1o patrimonial durante su gesti\u00f3n en 2024 y hay fuertes cantidades que estuvieron \u201csacando\u201d durante el primer semestre del mismo 2024. Hay que ver hasta d\u00f3nde va a actuar la ASF, porque pueden llegar denuncias ante la Fiscal\u00eda General de la Republica para que reintegren los recursos no comprobados. Y ser\u00eda una Fiscal en entredicho, denunciada por presuntos actos de corrupci\u00f3n. Pero qu\u00e9 le preocupa, si tiene el manto protector del terrible \u201cBola 8\u201d, Eric Patrocinio Cisneros Burgos.<\/p>\n","protected":false},"excerpt":{"rendered":"<p>Trasciende que en la oficina principal de la Fiscal\u00eda General del Estado de Veracruz, desde&#8230;<\/p>\n","protected":false},"author":3,"featured_media":87312,"comment_status":"closed","ping_status":"closed","sticky":false,"template":"","format":"standard","meta":{"footnotes":""},"categories":[17],"tags":[],"class_list":["post-87311","post","type-post","status-publish","format-standard","has-post-thumbnail","hentry","category-nacional"],"_links":{"self":[{"href":"https:\/\/bambapolitica.com.mx\/index.php\/wp-json\/wp\/v2\/posts\/87311","targetHints":{"allow":["GET"]}}],"collection":[{"href":"https:\/\/bambapolitica.com.mx\/index.php\/wp-json\/wp\/v2\/posts"}],"about":[{"href":"https:\/\/bambapolitica.com.mx\/index.php\/wp-json\/wp\/v2\/types\/post"}],"author":[{"embeddable":true,"href":"https:\/\/bambapolitica.com.mx\/index.php\/wp-json\/wp\/v2\/users\/3"}],"replies":[{"embeddable":true,"href":"https:\/\/bambapolitica.com.mx\/index.php\/wp-json\/wp\/v2\/comments?post=87311"}],"version-history":[{"count":1,"href":"https:\/\/bambapolitica.com.mx\/index.php\/wp-json\/wp\/v2\/posts\/87311\/revisions"}],"predecessor-version":[{"id":87313,"href":"https:\/\/bambapolitica.com.mx\/index.php\/wp-json\/wp\/v2\/posts\/87311\/revisions\/87313"}],"wp:featuredmedia":[{"embeddable":true,"href":"https:\/\/bambapolitica.com.mx\/index.php\/wp-json\/wp\/v2\/media\/87312"}],"wp:attachment":[{"href":"https:\/\/bambapolitica.com.mx\/index.php\/wp-json\/wp\/v2\/media?parent=87311"}],"wp:term":[{"taxonomy":"category","embeddable":true,"href":"https:\/\/bambapolitica.com.mx\/index.php\/wp-json\/wp\/v2\/categories?post=87311"},{"taxonomy":"post_tag","embeddable":true,"href":"https:\/\/bambapolitica.com.mx\/index.php\/wp-json\/wp\/v2\/tags?post=87311"}],"curies":[{"name":"wp","href":"https:\/\/api.w.org\/{rel}","templated":true}]}}