{"id":87314,"date":"2025-12-08T10:49:45","date_gmt":"2025-12-08T16:49:45","guid":{"rendered":"https:\/\/bambapolitica.com.mx\/?p=87314"},"modified":"2025-12-08T10:50:55","modified_gmt":"2025-12-08T16:50:55","slug":"fgr-coche-bomba-en-michoacan-no-fue-acto-terrorista","status":"publish","type":"post","link":"https:\/\/bambapolitica.com.mx\/index.php\/2025\/12\/08\/fgr-coche-bomba-en-michoacan-no-fue-acto-terrorista\/","title":{"rendered":"FGR: coche bomba en Michoac\u00e1n no fue acto terrorista."},"content":{"rendered":"\n<p>CDMX.- La Fiscal\u00eda General de la Rep\u00fablica (FGR) corrigi\u00f3 ayer que la investigaci\u00f3n iniciada por la explosi\u00f3n de un autom\u00f3vil en Coahuayana, Michoac\u00e1n, es por el delito delincuencia organizada, no por terrorismo.<\/p>\n\n\n\n<p>Fuentes federales informaron que tras el hecho, el caso fue atra\u00eddo de inmediato por la Fiscal\u00eda Especial en Investigaci\u00f3n de Terrorismo, Acopio y Trafico de Armas, adscrita a la Fiscal\u00eda Especializada en Materia de Delincuencia Organizada (Femdo), lo que gener\u00f3 confusi\u00f3n en la redacci\u00f3n del comunicado oficial publicado el s\u00e1bado anterior.<\/p>\n\n\n\n<p>En conferencia ayer en Michoac\u00e1n, Carlos Torres Pi\u00f1a, titular de la Fiscal\u00eda General del Estado, inform\u00f3 que en los hechos particip\u00f3 una camioneta Dodge Ram tipo Dakota, que provino de Colima y lleg\u00f3 a las instalaciones de la polic\u00eda comunitaria de Coahuayana, donde explot\u00f3 y provoc\u00f3 la muerte de cinco personas: tres polic\u00edas comunitarios y dos desconocidos, entre quienes est\u00e1 el conductor del veh\u00edculo, y siete lesionados.<\/p>\n\n\n\n<p>El funcionario indic\u00f3 que 12 veh\u00edculos resultaron da\u00f1ados, de ellos, dos son camionetas blindadas marca Chevrolet tipo Suburban, de la corporaci\u00f3n comunitaria.<\/p>\n\n\n\n<p>Por c\u00e1maras de videovigilancia se pudo saber que el veh\u00edculo entr\u00f3 a Michoac\u00e1n por la carretera federal 200 Manzanillo-L\u00e1zaro C\u00e1rdenas, y lleg\u00f3 a las 8:35 horas al poblado San Vicente, donde permaneci\u00f3 al menos hasta las 9:30 horas, para posteriormente dirigirse a la zona centro de Coahuayana.<\/p>\n\n\n\n<p>Torres Pi\u00f1a precis\u00f3 que la unidad explot\u00f3 sobre la calle Allende, frente a la base de la polic\u00eda comunitaria, con una onda expansiva estimada en un radio de 300 metros.<\/p>\n\n\n\n<p>En la localidad sigue vigente y activa la corporaci\u00f3n comunitaria que dirige H\u00e9ctor Zepeda Navarrete, El Comandante Teto, ex integrante de los grupos de autodefensa, la cual ha enfrentado a los c\u00e1rteles de Los caballeros templarios y Jalisco Nueva Generaci\u00f3n.<\/p>\n\n\n\n<p>Sobre la confusi\u00f3n generada el s\u00e1bado en Michoac\u00e1n, cuando se inform\u00f3 que la explosi\u00f3n del veh\u00edculo se indagar\u00eda como terrorismo, ayer la titular de la FGR, Ernestina Godoy, public\u00f3 un mensaje en el que aclar\u00f3 que se \u201cinici\u00f3 una carpeta de investigaci\u00f3n por el delito de delincuencia organizada\u201d, en coordinaci\u00f3n con las secretar\u00edas de la Defensa Nacional, Marina y Seguridad y Protecci\u00f3n Ciudadana (SSPC), y la Guardia Nacional (GN).<\/p>\n\n\n\n<p>El s\u00e1bado, la fiscal inform\u00f3 de la pesquisa \u201ccontra quien o quienes resulten responsables del delito de terrorismo\u201d.<\/p>\n\n\n\n<p>Indic\u00f3 que en Coahuayana se encuentran 15 peritos del Centro Federal Pericial Forense y 11 polic\u00edas federales ministeriales, ambos de la Agencia de Investigaci\u00f3n Criminal de la FGR, especializados en criminal\u00edstica de campo, fotograf\u00eda, medicina, gen\u00e9tica, telecomunicaciones, tr\u00e1nsito terrestre, ingenier\u00eda y arquitectura, incendios y explosivos, y qu\u00edmica, bal\u00edstica y lofoscop\u00eda forenses.<\/p>\n\n\n\n<p>La investigaci\u00f3n la llevar\u00e1 a cabo la Femdo, en coordinaci\u00f3n permanente con el gabinete de seguridad del fobierno federal, mediante la Defensa, Marina, SSPC y GN.<\/p>\n","protected":false},"excerpt":{"rendered":"<p>CDMX.- La Fiscal\u00eda General de la Rep\u00fablica (FGR) corrigi\u00f3 ayer que la investigaci\u00f3n iniciada por&#8230;<\/p>\n","protected":false},"author":3,"featured_media":87316,"comment_status":"closed","ping_status":"closed","sticky":false,"template":"","format":"standard","meta":{"footnotes":""},"categories":[4],"tags":[],"class_list":["post-87314","post","type-post","status-publish","format-standard","has-post-thumbnail","hentry","category-noticias-del-dia"],"_links":{"self":[{"href":"https:\/\/bambapolitica.com.mx\/index.php\/wp-json\/wp\/v2\/posts\/87314","targetHints":{"allow":["GET"]}}],"collection":[{"href":"https:\/\/bambapolitica.com.mx\/index.php\/wp-json\/wp\/v2\/posts"}],"about":[{"href":"https:\/\/bambapolitica.com.mx\/index.php\/wp-json\/wp\/v2\/types\/post"}],"author":[{"embeddable":true,"href":"https:\/\/bambapolitica.com.mx\/index.php\/wp-json\/wp\/v2\/users\/3"}],"replies":[{"embeddable":true,"href":"https:\/\/bambapolitica.com.mx\/index.php\/wp-json\/wp\/v2\/comments?post=87314"}],"version-history":[{"count":1,"href":"https:\/\/bambapolitica.com.mx\/index.php\/wp-json\/wp\/v2\/posts\/87314\/revisions"}],"predecessor-version":[{"id":87317,"href":"https:\/\/bambapolitica.com.mx\/index.php\/wp-json\/wp\/v2\/posts\/87314\/revisions\/87317"}],"wp:featuredmedia":[{"embeddable":true,"href":"https:\/\/bambapolitica.com.mx\/index.php\/wp-json\/wp\/v2\/media\/87316"}],"wp:attachment":[{"href":"https:\/\/bambapolitica.com.mx\/index.php\/wp-json\/wp\/v2\/media?parent=87314"}],"wp:term":[{"taxonomy":"category","embeddable":true,"href":"https:\/\/bambapolitica.com.mx\/index.php\/wp-json\/wp\/v2\/categories?post=87314"},{"taxonomy":"post_tag","embeddable":true,"href":"https:\/\/bambapolitica.com.mx\/index.php\/wp-json\/wp\/v2\/tags?post=87314"}],"curies":[{"name":"wp","href":"https:\/\/api.w.org\/{rel}","templated":true}]}}