{"id":87321,"date":"2025-12-08T11:16:46","date_gmt":"2025-12-08T17:16:46","guid":{"rendered":"https:\/\/bambapolitica.com.mx\/?p=87321"},"modified":"2025-12-08T11:16:48","modified_gmt":"2025-12-08T17:16:48","slug":"terremoto-de-7-6-grados-sacude-a-japon-reportan-varios-heridos-y-emiten-alerta-urgente-de-tsunami","status":"publish","type":"post","link":"https:\/\/bambapolitica.com.mx\/index.php\/2025\/12\/08\/terremoto-de-7-6-grados-sacude-a-japon-reportan-varios-heridos-y-emiten-alerta-urgente-de-tsunami\/","title":{"rendered":"Terremoto de 7.6 grados sacude a Jap\u00f3n; reportan varios heridos y emiten alerta URGENTE de tsunami"},"content":{"rendered":"\n<p>Un&nbsp;<strong>terremoto<\/strong>&nbsp;de magnitud&nbsp;<strong>7.6 grados en la escala Richter&nbsp;<\/strong>sacudi\u00f3 el lunes la costa norte de&nbsp;<strong>Jap\u00f3n<\/strong>&nbsp;y la agencia meteorol\u00f3gica local report\u00f3 la llegada de dos olas de&nbsp;<strong>tsunami<\/strong>&nbsp;de 40 cent\u00edmetros cada una.<\/p>\n\n\n\n<p>Medios locales reportan&nbsp;<strong>heridos<\/strong>&nbsp;tras el&nbsp;<strong>terremoto<\/strong>&nbsp;que seg\u00fan el Servicio Geol\u00f3gico de Estados Unidos (USGS) se produjo a las 23:15 hora local frente a Misawa, en la costa norte de&nbsp;<strong>Jap\u00f3n<\/strong>, a una profundidad de&nbsp;<strong>53 kil\u00f3metros<\/strong>.<\/p>\n\n\n\n<p>La primera ola de\u00a0<strong>tsunami<\/strong>\u00a0impact\u00f3 en un puerto de Aomori, en la isla principal de Jap\u00f3n, a las 23:43, hora local, indic\u00f3 la Agencia Meteorol\u00f3gica japonesa (JMA).<\/p>\n\n\n\n<p>Siete minutos despu\u00e9s, una segunda ola, tambi\u00e9n de&nbsp;<strong>40 cent\u00edmetros de altura<\/strong>, se abati\u00f3 contra Urakawa, en la regi\u00f3n de Hokkaido, a\u00f1adi\u00f3 la agencia.<\/p>\n\n\n\n<p>La emisora p\u00fablica NHK cit\u00f3 a un empleado de un hotel en la ciudad de Hachinohe, en Aomori, quien afirm\u00f3 que&nbsp;<strong>hubo algunos heridos<\/strong>. Im\u00e1genes en directo mostraron fragmentos de vidrio roto esparcidos por las carreteras.<\/p>\n\n\n\n<p>El&nbsp;<strong>terremoto<\/strong>&nbsp;tambi\u00e9n se sinti\u00f3 el el centro urbano de Sapporo, donde las alarmas sonaron en los&nbsp;<strong>celulares<\/strong>&nbsp;para alertar a los residentes.<\/p>\n\n\n\n<p><strong>Jap\u00f3n<\/strong>\u00a0est\u00e1 situado en el llamado Cintur\u00f3n de Fuego del Pac\u00edfico, una zona de intensa actividad s\u00edsmica. El archipi\u00e9lago, hogar de alrededor de 125 millones de personas, registra aproximadamente 1,500 sacudidas cada a\u00f1o. La mayor\u00eda son leves, aunque los da\u00f1os que provocan var\u00edan seg\u00fan su ubicaci\u00f3n y la profundidad bajo la superficie terrestre.<\/p>\n\n\n\n<p><\/p>\n","protected":false},"excerpt":{"rendered":"<p>Un&nbsp;terremoto&nbsp;de magnitud&nbsp;7.6 grados en la escala Richter&nbsp;sacudi\u00f3 el lunes la costa norte de&nbsp;Jap\u00f3n&nbsp;y la agencia&#8230;<\/p>\n","protected":false},"author":3,"featured_media":87322,"comment_status":"closed","ping_status":"closed","sticky":false,"template":"","format":"standard","meta":{"footnotes":""},"categories":[1],"tags":[],"class_list":["post-87321","post","type-post","status-publish","format-standard","has-post-thumbnail","hentry","category-uncategorized"],"_links":{"self":[{"href":"https:\/\/bambapolitica.com.mx\/index.php\/wp-json\/wp\/v2\/posts\/87321","targetHints":{"allow":["GET"]}}],"collection":[{"href":"https:\/\/bambapolitica.com.mx\/index.php\/wp-json\/wp\/v2\/posts"}],"about":[{"href":"https:\/\/bambapolitica.com.mx\/index.php\/wp-json\/wp\/v2\/types\/post"}],"author":[{"embeddable":true,"href":"https:\/\/bambapolitica.com.mx\/index.php\/wp-json\/wp\/v2\/users\/3"}],"replies":[{"embeddable":true,"href":"https:\/\/bambapolitica.com.mx\/index.php\/wp-json\/wp\/v2\/comments?post=87321"}],"version-history":[{"count":1,"href":"https:\/\/bambapolitica.com.mx\/index.php\/wp-json\/wp\/v2\/posts\/87321\/revisions"}],"predecessor-version":[{"id":87323,"href":"https:\/\/bambapolitica.com.mx\/index.php\/wp-json\/wp\/v2\/posts\/87321\/revisions\/87323"}],"wp:featuredmedia":[{"embeddable":true,"href":"https:\/\/bambapolitica.com.mx\/index.php\/wp-json\/wp\/v2\/media\/87322"}],"wp:attachment":[{"href":"https:\/\/bambapolitica.com.mx\/index.php\/wp-json\/wp\/v2\/media?parent=87321"}],"wp:term":[{"taxonomy":"category","embeddable":true,"href":"https:\/\/bambapolitica.com.mx\/index.php\/wp-json\/wp\/v2\/categories?post=87321"},{"taxonomy":"post_tag","embeddable":true,"href":"https:\/\/bambapolitica.com.mx\/index.php\/wp-json\/wp\/v2\/tags?post=87321"}],"curies":[{"name":"wp","href":"https:\/\/api.w.org\/{rel}","templated":true}]}}