{"id":87324,"date":"2025-12-08T11:42:01","date_gmt":"2025-12-08T17:42:01","guid":{"rendered":"https:\/\/bambapolitica.com.mx\/?p=87324"},"modified":"2025-12-08T11:42:03","modified_gmt":"2025-12-08T17:42:03","slug":"sacuden-al-cjng-en-chiapas-detienen-a-12-personas-y-decomisan-arsenal-en-san-cristobal-de-las-casas","status":"publish","type":"post","link":"https:\/\/bambapolitica.com.mx\/index.php\/2025\/12\/08\/sacuden-al-cjng-en-chiapas-detienen-a-12-personas-y-decomisan-arsenal-en-san-cristobal-de-las-casas\/","title":{"rendered":"\u2018Sacuden\u2019 al CJNG en Chiapas: Detienen a 12 personas y decomisan arsenal en San Crist\u00f3bal de las Casas"},"content":{"rendered":"\n<p>Fuerzas federales y estatales participaron en un operativo en San Crist\u00f3bal de las Casas, Chiapas, en el que lograron la captura de una docena de presuntos integrantes del CJNG.<\/p>\n\n\n\n<p>En un operativo desplegado este fin de semana, agentes de la Fiscal\u00eda General de la Rep\u00fablica (FGR), en coordinaci\u00f3n con la Secretar\u00eda de Seguridad del Pueblo (SSP) de\u00a0<a href=\"https:\/\/www.elfinanciero.com.mx\/tags\/chiapas\/\" target=\"_blank\" rel=\"noreferrer noopener\">Chiapas<\/a>\u00a0lograron la detenci\u00f3n de 12 personas, presuntamente relacionadas con los delitos de violaci\u00f3n a la Ley Federal de Armas de Fuego y Explosivos y contra la salud, en el municipio de San Crist\u00f3bal de Las Casas.<\/p>\n\n\n\n<p>En la acci\u00f3n, en la que adem\u00e1s participaron&nbsp;<a href=\"https:\/\/www.elfinanciero.com.mx\/estados\/2025\/08\/12\/detienen-a-seis-policias-de-pakal-en-chilon-chiapas-por-darle-tabla-a-un-detenido\/\" target=\"_blank\" rel=\"noreferrer noopener\">la Fuerza de Reacci\u00f3n Inmediata Pakal<\/a>&nbsp;(FRIP), la Agencia de Investigaci\u00f3n e Inteligencia Ministerial de la Fiscal\u00eda General del Estado (FGE), la Secretar\u00eda de Seguridad y Protecci\u00f3n Ciudadana del gobierno federal, Ej\u00e9rcito Mexicano, Guardia Nacional y Marina Armada de M\u00e9xico, fueron detenidos Genaro \u2018N\u2019, Juan Miguel \u2018N\u2019, Sergio \u2018N\u2019, Francisco \u2018N\u2019, Jos\u00e9 G \u2018N\u2019, Jos\u00e9 A \u2018N\u2019, Luis \u2018N\u2019, \u00c1ngel \u2018N\u2019, Yoselin \u2018N\u2019, Darwin \u2018N\u2019, Emanuel \u2018N\u2019 y Diego \u2018N\u2019.<\/p>\n\n\n\n<p>Presumiblemente, todos manifestaron pertenecer al grupo delictivo&nbsp;<a href=\"https:\/\/www.elfinanciero.com.mx\/nacional\/2025\/12\/06\/detienen-en-quintana-roo-a-el-danone-lider-regional-del-cjng-en-el-caribe-mexicano\/\" target=\"_blank\" rel=\"noreferrer noopener\">C\u00e1rtel Jalisco Nueva Generaci\u00f3n (CJNG)<\/a>. Durante la acci\u00f3n, fueron asegurados cuatro armas largas tipo AK-47 con cuatro cargadores y 80 cartuchos \u00fatiles; un arma corta calibre 9 mm con un cargador y cuatro cartuchos \u00fatiles; as\u00ed como cuatro chalecos t\u00e1cticos color negro.<\/p>\n\n\n\n<p>Tambi\u00e9n fue asegurado un veh\u00edculo marca Mazda tipo 3, modelo 2020, sin placas de circulaci\u00f3n; 90 bolsitas con hierba verde con caracter\u00edsticas de marihuana; 60 bolsitas transparentes con sustancia granulada con caracter\u00edsticas de cristal; una gramera digital y dinero en efectivo.<\/p>\n\n\n\n<p>Tras su detenci\u00f3n, los 12 presuntos involucrados fueron puestos a disposici\u00f3n del \u00f3rgano jurisdiccional correspondiente, bajo la conducci\u00f3n jur\u00eddica de la&nbsp;<strong>Fiscal\u00eda General de la Rep\u00fablica<\/strong>, para determinar su situaci\u00f3n legal conforme a derecho.<\/p>\n\n\n\n<p>En redes sociales, el secretario de Seguridad Ciudadana,&nbsp;<a href=\"https:\/\/www.elfinanciero.com.mx\/nacional\/2025\/12\/01\/cuanto-bajaron-los-homicidios-en-uruapan-con-el-plan-michoacan-garcia-harfuch-destaca-avances\/\" target=\"_blank\" rel=\"noreferrer noopener\">Omar Garc\u00eda Harfuch<\/a>, asegur\u00f3 que esta acci\u00f3n inhibe la operaci\u00f3n de generadores de violencia y se refuerza de manera significativa la seguridad en beneficio del pueblo de Chiapas.<\/p>\n\n\n\n<p><strong>Los doce detenidos, el armamento, los veh\u00edculos<\/strong>\u00a0y dem\u00e1s indicios asegurados fueron puestos a disposici\u00f3n de las autoridades competentes para iniciar las investigaciones correspondientes por delitos federales y contra la salud.<\/p>\n\n\n\n<p><\/p>\n","protected":false},"excerpt":{"rendered":"<p>Fuerzas federales y estatales participaron en un operativo en San Crist\u00f3bal de las Casas, Chiapas,&#8230;<\/p>\n","protected":false},"author":3,"featured_media":87325,"comment_status":"closed","ping_status":"closed","sticky":false,"template":"","format":"standard","meta":{"footnotes":""},"categories":[17],"tags":[],"class_list":["post-87324","post","type-post","status-publish","format-standard","has-post-thumbnail","hentry","category-nacional"],"_links":{"self":[{"href":"https:\/\/bambapolitica.com.mx\/index.php\/wp-json\/wp\/v2\/posts\/87324","targetHints":{"allow":["GET"]}}],"collection":[{"href":"https:\/\/bambapolitica.com.mx\/index.php\/wp-json\/wp\/v2\/posts"}],"about":[{"href":"https:\/\/bambapolitica.com.mx\/index.php\/wp-json\/wp\/v2\/types\/post"}],"author":[{"embeddable":true,"href":"https:\/\/bambapolitica.com.mx\/index.php\/wp-json\/wp\/v2\/users\/3"}],"replies":[{"embeddable":true,"href":"https:\/\/bambapolitica.com.mx\/index.php\/wp-json\/wp\/v2\/comments?post=87324"}],"version-history":[{"count":1,"href":"https:\/\/bambapolitica.com.mx\/index.php\/wp-json\/wp\/v2\/posts\/87324\/revisions"}],"predecessor-version":[{"id":87326,"href":"https:\/\/bambapolitica.com.mx\/index.php\/wp-json\/wp\/v2\/posts\/87324\/revisions\/87326"}],"wp:featuredmedia":[{"embeddable":true,"href":"https:\/\/bambapolitica.com.mx\/index.php\/wp-json\/wp\/v2\/media\/87325"}],"wp:attachment":[{"href":"https:\/\/bambapolitica.com.mx\/index.php\/wp-json\/wp\/v2\/media?parent=87324"}],"wp:term":[{"taxonomy":"category","embeddable":true,"href":"https:\/\/bambapolitica.com.mx\/index.php\/wp-json\/wp\/v2\/categories?post=87324"},{"taxonomy":"post_tag","embeddable":true,"href":"https:\/\/bambapolitica.com.mx\/index.php\/wp-json\/wp\/v2\/tags?post=87324"}],"curies":[{"name":"wp","href":"https:\/\/api.w.org\/{rel}","templated":true}]}}