{"id":87327,"date":"2025-12-08T11:56:57","date_gmt":"2025-12-08T17:56:57","guid":{"rendered":"https:\/\/bambapolitica.com.mx\/?p=87327"},"modified":"2025-12-08T11:57:00","modified_gmt":"2025-12-08T17:57:00","slug":"preve-arquidiocesis-de-xalapa-alrededor-de-200-mil-visitantes-en-la-basilica-menor-del-dique","status":"publish","type":"post","link":"https:\/\/bambapolitica.com.mx\/index.php\/2025\/12\/08\/preve-arquidiocesis-de-xalapa-alrededor-de-200-mil-visitantes-en-la-basilica-menor-del-dique\/","title":{"rendered":"Prev\u00e9 Arquidi\u00f3cesis de Xalapa alrededor de 200 mil visitantes en la Bas\u00edlica Menor del Dique"},"content":{"rendered":"\n<p>Alrededor de 200 mil visitantes se esperan en promedio durante las peregrinaciones a la Virgen de Guadalupe en la Bas\u00edlica Menor del Dique, afirm\u00f3 la Arquidi\u00f3cesis de Xalapa. De acuerdo con el vocero Juan Beristain de los Santos, desde el domingo 30 de noviembre comenz\u00f3 el arribo constante de cat\u00f3licos y asegur\u00f3 que existe una estrecha coordinaci\u00f3n con los tres niveles de gobierno para garantizar un operativo seguro y ordenado en toda la zona del Dique. \u201cSe ha podido desplegar toda la log\u00edstica para que el barrio del Dique est\u00e9 dispuesto para recibir a miles de fieles\u201d, asegur\u00f3, destacando el trabajo conjunto con \u00e1reas como Tr\u00e1nsito, Protecci\u00f3n Civil, Bomberos y Cruz Roja. Refiri\u00f3 que el padre Javier Aguilar, p\u00e1rroco del santuario del Dique, es quien encabeza esta coordinaci\u00f3n interinstitucional, la cual se ha fortalecido durante tres a\u00f1os. En este a\u00f1o del 494 aniversario de la aparici\u00f3n de la Virgen de Guadalupe, la Arquidi\u00f3cesis invit\u00f3 a los fieles a participar en la Eucarist\u00eda del 11 de diciembre a las 23 horas, que ser\u00e1 presidida por el arzobispo y el obispo auxiliar, acompa\u00f1ados de mariachis para las tradicionales ma\u00f1anitas a la Virgen de Guadalupe. Este a\u00f1o se conmemoran 495 a\u00f1os de las apariciones de la Virgen de Guadalupe a Juan Diego, un mensaje que dijo, contin\u00faa vigente al reconocer en \u00e9l a un ind\u00edgena que fue puesto al centro para anunciar un mensaje de unidad y fraternidad. Xalapa se convierte en un punto de encuentro regional, pues a la Bas\u00edlica Menor del Dique llegan peregrinos de Chiapas, Yucat\u00e1n y diversos estados del sureste del pa\u00eds, as\u00ed como de la regi\u00f3n central del estado de Veracruz.<\/p>\n\n\n\n<p><\/p>\n","protected":false},"excerpt":{"rendered":"<p>Alrededor de 200 mil visitantes se esperan en promedio durante las peregrinaciones a la Virgen&#8230;<\/p>\n","protected":false},"author":3,"featured_media":87328,"comment_status":"closed","ping_status":"closed","sticky":false,"template":"","format":"standard","meta":{"footnotes":""},"categories":[17],"tags":[],"class_list":["post-87327","post","type-post","status-publish","format-standard","has-post-thumbnail","hentry","category-nacional"],"_links":{"self":[{"href":"https:\/\/bambapolitica.com.mx\/index.php\/wp-json\/wp\/v2\/posts\/87327","targetHints":{"allow":["GET"]}}],"collection":[{"href":"https:\/\/bambapolitica.com.mx\/index.php\/wp-json\/wp\/v2\/posts"}],"about":[{"href":"https:\/\/bambapolitica.com.mx\/index.php\/wp-json\/wp\/v2\/types\/post"}],"author":[{"embeddable":true,"href":"https:\/\/bambapolitica.com.mx\/index.php\/wp-json\/wp\/v2\/users\/3"}],"replies":[{"embeddable":true,"href":"https:\/\/bambapolitica.com.mx\/index.php\/wp-json\/wp\/v2\/comments?post=87327"}],"version-history":[{"count":1,"href":"https:\/\/bambapolitica.com.mx\/index.php\/wp-json\/wp\/v2\/posts\/87327\/revisions"}],"predecessor-version":[{"id":87329,"href":"https:\/\/bambapolitica.com.mx\/index.php\/wp-json\/wp\/v2\/posts\/87327\/revisions\/87329"}],"wp:featuredmedia":[{"embeddable":true,"href":"https:\/\/bambapolitica.com.mx\/index.php\/wp-json\/wp\/v2\/media\/87328"}],"wp:attachment":[{"href":"https:\/\/bambapolitica.com.mx\/index.php\/wp-json\/wp\/v2\/media?parent=87327"}],"wp:term":[{"taxonomy":"category","embeddable":true,"href":"https:\/\/bambapolitica.com.mx\/index.php\/wp-json\/wp\/v2\/categories?post=87327"},{"taxonomy":"post_tag","embeddable":true,"href":"https:\/\/bambapolitica.com.mx\/index.php\/wp-json\/wp\/v2\/tags?post=87327"}],"curies":[{"name":"wp","href":"https:\/\/api.w.org\/{rel}","templated":true}]}}