{"id":87330,"date":"2025-12-08T12:01:10","date_gmt":"2025-12-08T18:01:10","guid":{"rendered":"https:\/\/bambapolitica.com.mx\/?p=87330"},"modified":"2025-12-08T12:01:12","modified_gmt":"2025-12-08T18:01:12","slug":"se-oponen-pobladores-de-comunidades-indigenas-de-la-sierra-de-zongolica-a-reforma-a-la-ley-de-aguas-nacionales","status":"publish","type":"post","link":"https:\/\/bambapolitica.com.mx\/index.php\/2025\/12\/08\/se-oponen-pobladores-de-comunidades-indigenas-de-la-sierra-de-zongolica-a-reforma-a-la-ley-de-aguas-nacionales\/","title":{"rendered":"Se oponen pobladores de comunidades ind\u00edgenas de la sierra de Zongolica a reforma a la Ley de Aguas Nacionales"},"content":{"rendered":"\n<p>Pobladores de las congregaciones de Tzoncolco y Omiquila, en el municipio de Rafael Delgado, manifestaron su rechazo a las recientes reformas a la Ley de Aguas Nacionales, al se\u00f1alar que los pueblos originarios no fueron consultados y que los cambios podr\u00edan poner en riesgo su derecho hist\u00f3rico al acceso comunitario del agua. Las comunidades, ubicadas en la zona serrana de Zongolica, denunciaron que la modificaci\u00f3n legislativa centraliza decisiones sobre el uso y control del recurso. Los inconformes explicaron que dependen de manantiales, veneros y sistemas de tandeo aut\u00f3nomos para abastecerse, por lo que cualquier medida que limite su gesti\u00f3n tradicional del agua afectar\u00eda gravemente a las familias. Se\u00f1alaron que la reforma fue impulsada sin transparencia ni di\u00e1logo con las localidades que dependen directamente de estos sistemas comunitarios. Jos\u00e9 Ireneo Gonz\u00e1lez Jim\u00e9nez, vocero de ambas comunidades, se\u00f1al\u00f3 que el proceso legislativo no cumpli\u00f3 con el derecho a consulta previa, libre e informada. \u201cNosotros estamos en esta comunidad de Tzoncolco y Omiquila y no estamos de acuerdo. Se hizo otra nueva ley de agua y el pueblo no fue consultado. Nosotros no vamos a dejar que esa ley pase\u201d, asegur\u00f3. Los habitantes se\u00f1alaron que buscar\u00e1n hacer llegar su inconformidad a los diputados federales y locales, a quienes exigir\u00e1n no aprobar la aplicaci\u00f3n de estas disposiciones sin un proceso adecuado de consulta ind\u00edgena, tal como lo establecen los tratados internacionales. Los pobladores afirmaron que continuar\u00e1n organiz\u00e1ndose con comunidades vecinas y asociaciones civiles para defender su derecho al agua. Destacaron el acompa\u00f1amiento de integrantes de Tlilapan y el apoyo de organizaciones como la Asociaci\u00f3n Nacional Transportista (ANTAC), encabezada en la regi\u00f3n por David Est\u00e9vez Gamboa. \u201cVamos a levantar m\u00e1s la voz con los compa\u00f1eros. No estamos solos. Somos de Zongolica, de la sierra, y vamos a luchar\u201d, asegur\u00f3 Gonz\u00e1lez Jim\u00e9nez. Refiri\u00f3 que en los pr\u00f3ximos d\u00edas se realizar\u00e1n asambleas comunitarias para tratar este tema y tomar algunas otras acciones p\u00fablicas. De acuerdo con la Comisi\u00f3n Nacional de Derechos Humanos (CNDH), en su Informe Especial sobre el Derecho al Agua, de 2022, el 70 por ciento de las comunidades ind\u00edgenas del pa\u00eds depende de manantiales y sistemas comunitarios de distribuci\u00f3n de agua, lo que las vuelve especialmente vulnerables ante reformas que alteren la gesti\u00f3n del recurso. <\/p>\n","protected":false},"excerpt":{"rendered":"<p>Pobladores de las congregaciones de Tzoncolco y Omiquila, en el municipio de Rafael Delgado, manifestaron&#8230;<\/p>\n","protected":false},"author":3,"featured_media":87331,"comment_status":"closed","ping_status":"closed","sticky":false,"template":"","format":"standard","meta":{"footnotes":""},"categories":[17],"tags":[],"class_list":["post-87330","post","type-post","status-publish","format-standard","has-post-thumbnail","hentry","category-nacional"],"_links":{"self":[{"href":"https:\/\/bambapolitica.com.mx\/index.php\/wp-json\/wp\/v2\/posts\/87330","targetHints":{"allow":["GET"]}}],"collection":[{"href":"https:\/\/bambapolitica.com.mx\/index.php\/wp-json\/wp\/v2\/posts"}],"about":[{"href":"https:\/\/bambapolitica.com.mx\/index.php\/wp-json\/wp\/v2\/types\/post"}],"author":[{"embeddable":true,"href":"https:\/\/bambapolitica.com.mx\/index.php\/wp-json\/wp\/v2\/users\/3"}],"replies":[{"embeddable":true,"href":"https:\/\/bambapolitica.com.mx\/index.php\/wp-json\/wp\/v2\/comments?post=87330"}],"version-history":[{"count":1,"href":"https:\/\/bambapolitica.com.mx\/index.php\/wp-json\/wp\/v2\/posts\/87330\/revisions"}],"predecessor-version":[{"id":87332,"href":"https:\/\/bambapolitica.com.mx\/index.php\/wp-json\/wp\/v2\/posts\/87330\/revisions\/87332"}],"wp:featuredmedia":[{"embeddable":true,"href":"https:\/\/bambapolitica.com.mx\/index.php\/wp-json\/wp\/v2\/media\/87331"}],"wp:attachment":[{"href":"https:\/\/bambapolitica.com.mx\/index.php\/wp-json\/wp\/v2\/media?parent=87330"}],"wp:term":[{"taxonomy":"category","embeddable":true,"href":"https:\/\/bambapolitica.com.mx\/index.php\/wp-json\/wp\/v2\/categories?post=87330"},{"taxonomy":"post_tag","embeddable":true,"href":"https:\/\/bambapolitica.com.mx\/index.php\/wp-json\/wp\/v2\/tags?post=87330"}],"curies":[{"name":"wp","href":"https:\/\/api.w.org\/{rel}","templated":true}]}}