{"id":87339,"date":"2025-12-10T09:47:56","date_gmt":"2025-12-10T15:47:56","guid":{"rendered":"https:\/\/bambapolitica.com.mx\/?p=87339"},"modified":"2025-12-10T09:48:04","modified_gmt":"2025-12-10T15:48:04","slug":"nos-enorgullece-compartir-que-orpi-ha-sido-reconocida-con-el-premio-veracruzano-de-calidad-2025","status":"publish","type":"post","link":"https:\/\/bambapolitica.com.mx\/index.php\/2025\/12\/10\/nos-enorgullece-compartir-que-orpi-ha-sido-reconocida-con-el-premio-veracruzano-de-calidad-2025\/","title":{"rendered":"Nos enorgullece compartir que ORPI ha sido reconocida con el Premio Veracruzano de Calidad 2025."},"content":{"rendered":"\n<p>Agradecemos profundamente a <a href=\"https:\/\/www.facebook.com\/PerezAstorgaE?__cft__[0]=AZXvuCM2dHCY5LRrI4X_tOWMvXswc3v5IDDe_n_6Gm1DkVcCsDmwcQSQBeW9pmeSlUhF2hjKQ8-rkxr0FejSzLP8FCPtGZp_OXVGWHgz6m1GbV7FqHHPN4YGRPWoOA8C6jn9F4QpDtwPSzMjRCny2v6vYBmA1YywhSBd7wK1Cs0UTVsZ3KU-o6KbU-ySyzCrBAA&amp;__tn__=-]K-R\">Ernesto P\u00e9rez Astorga<\/a> y a todo el Comit\u00e9 T\u00e9cnico por seleccionarnos entre las 5 empresas ganadoras, as\u00ed como a la Gobernadora <a href=\"https:\/\/www.facebook.com\/rocionahle?__cft__[0]=AZXvuCM2dHCY5LRrI4X_tOWMvXswc3v5IDDe_n_6Gm1DkVcCsDmwcQSQBeW9pmeSlUhF2hjKQ8-rkxr0FejSzLP8FCPtGZp_OXVGWHgz6m1GbV7FqHHPN4YGRPWoOA8C6jn9F4QpDtwPSzMjRCny2v6vYBmA1YywhSBd7wK1Cs0UTVsZ3KU-o6KbU-ySyzCrBAA&amp;__tn__=-]K-R\">Roc\u00edo Nahle<\/a><\/p>\n\n\n\n<p>Este logro es resultado del esfuerzo diario de toda la familia ORPI: desde nuestro equipo operativo hasta el administrativo. Gracias por su compromiso, dedicaci\u00f3n y pasi\u00f3n.<\/p>\n\n\n\n<p>Seguimos trabajando con la misma fuerza para ofrecer calidad, innovaci\u00f3n y resultados que impulsen el desarrollo de Veracruz.<\/p>\n\n\n\n<p>Nos enorgullece compartir que ORPI ha sido reconocida con el Premio Veracruzano de Calidad 2025, otorgado por la <a href=\"https:\/\/www.facebook.com\/SEDECOPVer?__cft__[0]=AZXvuCM2dHCY5LRrI4X_tOWMvXswc3v5IDDe_n_6Gm1DkVcCsDmwcQSQBeW9pmeSlUhF2hjKQ8-rkxr0FejSzLP8FCPtGZp_OXVGWHgz6m1GbV7FqHHPN4YGRPWoOA8C6jn9F4QpDtwPSzMjRCny2v6vYBmA1YywhSBd7wK1Cs0UTVsZ3KU-o6KbU-ySyzCrBAA&amp;__tn__=-]K-R\">Secretar\u00eda de Desarrollo Econ\u00f3mico y Portuario del Estado de Veracruz<\/a> (SEDECOP). Este galard\u00f3n distingue a las empresas que destacan por su competitividad y sostenibilidad.<\/p>\n\n\n\n<p>Agradecemos profundamente a <a href=\"https:\/\/www.facebook.com\/PerezAstorgaE?__cft__[0]=AZXvuCM2dHCY5LRrI4X_tOWMvXswc3v5IDDe_n_6Gm1DkVcCsDmwcQSQBeW9pmeSlUhF2hjKQ8-rkxr0FejSzLP8FCPtGZp_OXVGWHgz6m1GbV7FqHHPN4YGRPWoOA8C6jn9F4QpDtwPSzMjRCny2v6vYBmA1YywhSBd7wK1Cs0UTVsZ3KU-o6KbU-ySyzCrBAA&amp;__tn__=-]K-R\">Ernesto P\u00e9rez Astorga<\/a> y a todo el Comit\u00e9 T\u00e9cnico por seleccionarnos entre las 5 empresas ganadoras, as\u00ed como a la Gobernadora <a href=\"https:\/\/www.facebook.com\/rocionahle?__cft__[0]=AZXvuCM2dHCY5LRrI4X_tOWMvXswc3v5IDDe_n_6Gm1DkVcCsDmwcQSQBeW9pmeSlUhF2hjKQ8-rkxr0FejSzLP8FCPtGZp_OXVGWHgz6m1GbV7FqHHPN4YGRPWoOA8C6jn9F4QpDtwPSzMjRCny2v6vYBmA1YywhSBd7wK1Cs0UTVsZ3KU-o6KbU-ySyzCrBAA&amp;__tn__=-]K-R\">Roc\u00edo Nahle<\/a><\/p>\n\n\n\n<p>Este logro es resultado del esfuerzo diario de toda la familia ORPI: desde nuestro equipo operativo hasta el administrativo. Gracias por su compromiso, dedicaci\u00f3n y pasi\u00f3n.<\/p>\n\n\n\n<p>Seguimos trabajando con la misma fuerza para ofrecer calidad, innovaci\u00f3n y resultados que impulsen el desarrollo de Veracruz.<\/p>\n\n\n\n<p><\/p>\n","protected":false},"excerpt":{"rendered":"<p>Agradecemos profundamente a Ernesto P\u00e9rez Astorga y a todo el Comit\u00e9 T\u00e9cnico por seleccionarnos entre&#8230;<\/p>\n","protected":false},"author":3,"featured_media":87340,"comment_status":"closed","ping_status":"closed","sticky":false,"template":"","format":"standard","meta":{"footnotes":""},"categories":[4],"tags":[],"class_list":["post-87339","post","type-post","status-publish","format-standard","has-post-thumbnail","hentry","category-noticias-del-dia"],"_links":{"self":[{"href":"https:\/\/bambapolitica.com.mx\/index.php\/wp-json\/wp\/v2\/posts\/87339","targetHints":{"allow":["GET"]}}],"collection":[{"href":"https:\/\/bambapolitica.com.mx\/index.php\/wp-json\/wp\/v2\/posts"}],"about":[{"href":"https:\/\/bambapolitica.com.mx\/index.php\/wp-json\/wp\/v2\/types\/post"}],"author":[{"embeddable":true,"href":"https:\/\/bambapolitica.com.mx\/index.php\/wp-json\/wp\/v2\/users\/3"}],"replies":[{"embeddable":true,"href":"https:\/\/bambapolitica.com.mx\/index.php\/wp-json\/wp\/v2\/comments?post=87339"}],"version-history":[{"count":1,"href":"https:\/\/bambapolitica.com.mx\/index.php\/wp-json\/wp\/v2\/posts\/87339\/revisions"}],"predecessor-version":[{"id":87341,"href":"https:\/\/bambapolitica.com.mx\/index.php\/wp-json\/wp\/v2\/posts\/87339\/revisions\/87341"}],"wp:featuredmedia":[{"embeddable":true,"href":"https:\/\/bambapolitica.com.mx\/index.php\/wp-json\/wp\/v2\/media\/87340"}],"wp:attachment":[{"href":"https:\/\/bambapolitica.com.mx\/index.php\/wp-json\/wp\/v2\/media?parent=87339"}],"wp:term":[{"taxonomy":"category","embeddable":true,"href":"https:\/\/bambapolitica.com.mx\/index.php\/wp-json\/wp\/v2\/categories?post=87339"},{"taxonomy":"post_tag","embeddable":true,"href":"https:\/\/bambapolitica.com.mx\/index.php\/wp-json\/wp\/v2\/tags?post=87339"}],"curies":[{"name":"wp","href":"https:\/\/api.w.org\/{rel}","templated":true}]}}