{"id":87345,"date":"2025-12-10T09:58:24","date_gmt":"2025-12-10T15:58:24","guid":{"rendered":"https:\/\/bambapolitica.com.mx\/?p=87345"},"modified":"2025-12-10T09:58:26","modified_gmt":"2025-12-10T15:58:26","slug":"texcoco-avanza-para-ser-pueblo-con-encanto-y-reconocido-en-el-ambito-mundial","status":"publish","type":"post","link":"https:\/\/bambapolitica.com.mx\/index.php\/2025\/12\/10\/texcoco-avanza-para-ser-pueblo-con-encanto-y-reconocido-en-el-ambito-mundial\/","title":{"rendered":"Texcoco avanza para ser Pueblo con Encanto y reconocido en el \u00e1mbito mundial"},"content":{"rendered":"\n<p>Programa de Mejoramiento de la Imagen Urbana que hace brillar el centro hist\u00f3rico a Texcoco<\/p>\n\n\n\n<p>El Presidente Municipal Constitucional de Texcoco, denominado por vecinos \u2019Amigo del Pueblo\u2019, en atenci\u00f3n a donde ha llegado a visitar varias comunidades, desde que era legislador, pero ahora que Nazario Guti\u00e9rrez Mart\u00ednez es alcalde record\u00f3 que ya lo ten\u00eda en mente, que se convirti\u00f3 en el Programa de Mejoramiento de la Imagen Urbana, as\u00ed, llegar a ser \u2019Pueblo con Encanto\u2019.<\/p>\n\n\n\n<p>Subray\u00f3, que \u2019Hemos intervenido mil fachadas con el Programa de Mejoramiento de la Imagen Urbana en casas y edificios de la cabecera municipal, interviniendo casas y negocios de distintas colonias, en camino de ser Pueblo con Encanto\u2019, esto para continuar en la mira del turismo nacional e internacional.<\/p>\n\n\n\n<p>Adem\u00e1s, sostuvo que: \u2019Texcoco est\u00e1 lleno de vida, de color y de identidad. Nuestras calles lucen m\u00e1s hermosas que nunca, y muy pronto estaremos llevando estas acciones a m\u00e1s rincones del municipio\u2019. Entre la historia, aqu\u00ed los ind\u00edgenas hace m\u00e1s de 500 a\u00f1os aprendieron un poco el castellano, se le debe al Fray Pedro de Gante que era tartamudo y se hiso entender.<\/p>\n\n\n\n<p>Asimismo, reconoci\u00f3 la supervisi\u00f3n del Director de Obras del Gobierno de Texcoco, refiri\u00e9ndose al arquitecto Olivares\u2026<\/p>\n\n\n\n<p>Gracias por caminar juntos este camino que hace brillar a Texcoco.<\/p>\n","protected":false},"excerpt":{"rendered":"<p>Programa de Mejoramiento de la Imagen Urbana que hace brillar el centro hist\u00f3rico a Texcoco&#8230;<\/p>\n","protected":false},"author":3,"featured_media":87346,"comment_status":"closed","ping_status":"closed","sticky":false,"template":"","format":"standard","meta":{"footnotes":""},"categories":[17],"tags":[],"class_list":["post-87345","post","type-post","status-publish","format-standard","has-post-thumbnail","hentry","category-nacional"],"_links":{"self":[{"href":"https:\/\/bambapolitica.com.mx\/index.php\/wp-json\/wp\/v2\/posts\/87345","targetHints":{"allow":["GET"]}}],"collection":[{"href":"https:\/\/bambapolitica.com.mx\/index.php\/wp-json\/wp\/v2\/posts"}],"about":[{"href":"https:\/\/bambapolitica.com.mx\/index.php\/wp-json\/wp\/v2\/types\/post"}],"author":[{"embeddable":true,"href":"https:\/\/bambapolitica.com.mx\/index.php\/wp-json\/wp\/v2\/users\/3"}],"replies":[{"embeddable":true,"href":"https:\/\/bambapolitica.com.mx\/index.php\/wp-json\/wp\/v2\/comments?post=87345"}],"version-history":[{"count":1,"href":"https:\/\/bambapolitica.com.mx\/index.php\/wp-json\/wp\/v2\/posts\/87345\/revisions"}],"predecessor-version":[{"id":87347,"href":"https:\/\/bambapolitica.com.mx\/index.php\/wp-json\/wp\/v2\/posts\/87345\/revisions\/87347"}],"wp:featuredmedia":[{"embeddable":true,"href":"https:\/\/bambapolitica.com.mx\/index.php\/wp-json\/wp\/v2\/media\/87346"}],"wp:attachment":[{"href":"https:\/\/bambapolitica.com.mx\/index.php\/wp-json\/wp\/v2\/media?parent=87345"}],"wp:term":[{"taxonomy":"category","embeddable":true,"href":"https:\/\/bambapolitica.com.mx\/index.php\/wp-json\/wp\/v2\/categories?post=87345"},{"taxonomy":"post_tag","embeddable":true,"href":"https:\/\/bambapolitica.com.mx\/index.php\/wp-json\/wp\/v2\/tags?post=87345"}],"curies":[{"name":"wp","href":"https:\/\/api.w.org\/{rel}","templated":true}]}}