{"id":87348,"date":"2025-12-10T10:07:16","date_gmt":"2025-12-10T16:07:16","guid":{"rendered":"https:\/\/bambapolitica.com.mx\/?p=87348"},"modified":"2025-12-10T10:07:19","modified_gmt":"2025-12-10T16:07:19","slug":"incorporan-nuevos-elementos-a-la-direccion-de-seguridad-ciudadana-de-la-paz","status":"publish","type":"post","link":"https:\/\/bambapolitica.com.mx\/index.php\/2025\/12\/10\/incorporan-nuevos-elementos-a-la-direccion-de-seguridad-ciudadana-de-la-paz\/","title":{"rendered":"INCORPORAN NUEVOS ELEMENTOS A LA DIRECCI\u00d3N DE SEGURIDAD CIUDADANA DE LA PAZ"},"content":{"rendered":"\n<p>La Paz, Edomex., a 9 de diciembre de 2025.- Al centro de la explanada Gral. Luis Cer\u00f3n, 24 cadetes rindieron protesta frente a la Presidenta Municipal de La Paz, Martha Guerrero S\u00e1nchez, para sumarse a las fuerzas de seguridad p\u00fablica municipal, luego de concluir el Curso B\u00e1sico de Polic\u00eda. Con esta acci\u00f3n se concreta la primera generaci\u00f3n de oficiales de esta administraci\u00f3n que se suman para fortalecer el cuerpo de seguridad.<\/p>\n\n\n\n<p>La Presidenta Martha Guerrero declar\u00f3 que al inicio de la administraci\u00f3n, la seguridad p\u00fablica del municipio se encontraba en el abandono, tanto veh\u00edculos, precisiones de pol\u00edgonos como las condiciones laborales de los polic\u00edas: \u201cTen\u00edamos elementos con un salario de 1500 pesos quincenales, mientras que otros ganaban m\u00e1s de 16 mil pesos quincenales\u201d.<\/p>\n\n\n\n<p>Esta problem\u00e1tica salarial se extend\u00eda a m\u00e1s del 50% de la corporaci\u00f3n, a lo que la Presidenta admiti\u00f3 que los polic\u00edas ten\u00edan raz\u00f3n al estar molestos. En contraste, y \u201chaciendo un poquito de justicia\u201d, indic\u00f3 la Alcaldesa Guerrero S\u00e1nchez que los sueldos se incrementaron para coincidir con el salario m\u00ednimo y, ahora, los polic\u00edas de La Paz ganan m\u00e1s, mejorando sus ingresos, las primas vacacionales y aguinaldo.<\/p>\n\n\n\n<p>Adem\u00e1s, se\u00f1al\u00f3 que en pasados gobiernos estos polic\u00edas eran obligados a firmar de recibido uniformes, pero estos no eran entregados; sin embargo, destac\u00f3 que estas pr\u00e1cticas ya no se repiten; por el contrario, se hace la adquisici\u00f3n de uniformes nuevos, tanto para la polic\u00eda municipal como para otras \u00e1reas, como Bomberos y Protecci\u00f3n Civil.<\/p>\n\n\n\n<p>Al dirigirse a los nuevos polic\u00edas, destac\u00f3 que de los 300 cadetes que iniciaron el curso, solo 24 lograron concluirlo: \u201cUstedes son la primera generaci\u00f3n de La Paz que no le deben el espacio a ning\u00fan l\u00edder, a ninguna persona; ustedes van a ser oficiales a partir de este momento gracias al esfuerzo de ustedes. Aqu\u00ed se acostumbraba que hab\u00eda padrinos, pero hoy rompemos con esos vicios\u201d.<\/p>\n\n\n\n<p>Posteriormente, ante familiares de cadetes y representantes del H. Ayuntamiento, los polic\u00edas tomaron protesta frente a la Presidenta Municipal de La Paz bajo el fundamento legal en los art\u00edculos 134 de la Constituci\u00f3n Pol\u00edtica del Estado Libre y Soberano y de los art\u00edculos 150, 151, 152 de la Ley de Seguridad del Estado de M\u00e9xico. Ellos forman parte de la generaci\u00f3n 2025 de aspirantes de Seguridad P\u00fablica de La Paz, que se graduaron en una ceremonia donde demostraron sus aprendizajes y habilidades.<\/p>\n\n\n\n<p>As\u00ed, durante el acto c\u00edvico, los nuevos polic\u00edas realizaron representaciones de detenci\u00f3n bajo el protocolo de actuaci\u00f3n policial en materia de g\u00e9nero, as\u00ed como procedimientos de detecci\u00f3n y neutralizaci\u00f3n en casos reales; por su parte, Grupo Titan realiz\u00f3 una demostraci\u00f3n de rescate de una v\u00edctima privada de la libertad a la que se sum\u00f3 protecci\u00f3n civil para la atenci\u00f3n de heridos.<\/p>\n\n\n\n<p>Por su parte, el aspirante a polic\u00eda, Juan Alberto Islas, dedic\u00f3 unas palabras a sus compa\u00f1eros de generaci\u00f3n, y destac\u00f3 que aun y con las dificultades econ\u00f3micas y del curso de preparaci\u00f3n, el compa\u00f1erismo y la vocaci\u00f3n de servicio permitieron forjar una generaci\u00f3n \u00fanica: \u201cGracias por no rendirse, por construir esta familia a base de sacrificios y de esfuerzo\u201d.<\/p>\n","protected":false},"excerpt":{"rendered":"<p>La Paz, Edomex., a 9 de diciembre de 2025.- Al centro de la explanada Gral&#8230;.<\/p>\n","protected":false},"author":3,"featured_media":87349,"comment_status":"closed","ping_status":"closed","sticky":false,"template":"","format":"standard","meta":{"footnotes":""},"categories":[17],"tags":[],"class_list":["post-87348","post","type-post","status-publish","format-standard","has-post-thumbnail","hentry","category-nacional"],"_links":{"self":[{"href":"https:\/\/bambapolitica.com.mx\/index.php\/wp-json\/wp\/v2\/posts\/87348","targetHints":{"allow":["GET"]}}],"collection":[{"href":"https:\/\/bambapolitica.com.mx\/index.php\/wp-json\/wp\/v2\/posts"}],"about":[{"href":"https:\/\/bambapolitica.com.mx\/index.php\/wp-json\/wp\/v2\/types\/post"}],"author":[{"embeddable":true,"href":"https:\/\/bambapolitica.com.mx\/index.php\/wp-json\/wp\/v2\/users\/3"}],"replies":[{"embeddable":true,"href":"https:\/\/bambapolitica.com.mx\/index.php\/wp-json\/wp\/v2\/comments?post=87348"}],"version-history":[{"count":1,"href":"https:\/\/bambapolitica.com.mx\/index.php\/wp-json\/wp\/v2\/posts\/87348\/revisions"}],"predecessor-version":[{"id":87350,"href":"https:\/\/bambapolitica.com.mx\/index.php\/wp-json\/wp\/v2\/posts\/87348\/revisions\/87350"}],"wp:featuredmedia":[{"embeddable":true,"href":"https:\/\/bambapolitica.com.mx\/index.php\/wp-json\/wp\/v2\/media\/87349"}],"wp:attachment":[{"href":"https:\/\/bambapolitica.com.mx\/index.php\/wp-json\/wp\/v2\/media?parent=87348"}],"wp:term":[{"taxonomy":"category","embeddable":true,"href":"https:\/\/bambapolitica.com.mx\/index.php\/wp-json\/wp\/v2\/categories?post=87348"},{"taxonomy":"post_tag","embeddable":true,"href":"https:\/\/bambapolitica.com.mx\/index.php\/wp-json\/wp\/v2\/tags?post=87348"}],"curies":[{"name":"wp","href":"https:\/\/api.w.org\/{rel}","templated":true}]}}