{"id":87351,"date":"2025-12-10T11:07:51","date_gmt":"2025-12-10T17:07:51","guid":{"rendered":"https:\/\/bambapolitica.com.mx\/?p=87351"},"modified":"2025-12-10T11:08:01","modified_gmt":"2025-12-10T17:08:01","slug":"gobierno-del-edomex-y-didi-se-unen-para-ofrecer-movilidad-segura-a-mujeres-en-situacion-de-violencia-con-descuentos-para-sus-traslados","status":"publish","type":"post","link":"https:\/\/bambapolitica.com.mx\/index.php\/2025\/12\/10\/gobierno-del-edomex-y-didi-se-unen-para-ofrecer-movilidad-segura-a-mujeres-en-situacion-de-violencia-con-descuentos-para-sus-traslados\/","title":{"rendered":"Gobierno del EdoM\u00e9x y DiDi se unen para ofrecer movilidad segura a mujeres en situaci\u00f3n de violencia con descuentos para sus traslados"},"content":{"rendered":"\n<p>El Gobierno del Estado de M\u00e9xico firm\u00f3 un convenio de colaboraci\u00f3n con la empresa DiDi para otorgar traslados seguros a las mexiquenses en situaci\u00f3n de violencia o en procesos de atenci\u00f3n integral que brinda la Secretar\u00eda de las Mujeres (SeMujeres).<\/p>\n\n\n\n<p>\u201cNuestra Gobernadora, la Maestra Delfina G\u00f3mez \u00c1lvarez, ha sido clara y firme en su mandato: toda acci\u00f3n que acerque justicia, protecci\u00f3n y dignidad a las mujeres mexiquenses debe impulsarse sin reservas. Su liderazgo nos inspira a construir alianzas que transformen vidas\u201d, enfatiz\u00f3 Mar\u00eda Esther Rodr\u00edguez Hern\u00e1ndez, Secretaria de las Mujeres.<\/p>\n\n\n\n<p>Explic\u00f3 que con este convenio DiDi otorgar\u00e1 mil cupones de descuento para viajes de hasta 150 pesos, los cuales permitir\u00e1n el traslado de usuarias hacia alguna de las 93 Unidades de Atenci\u00f3n a Mujeres en Situaci\u00f3n de Violencia (UNIDAS), 37 Centros LIBRE o alguna de las tres sedes de Ciudad Mujeres donde recibir\u00e1n atenci\u00f3n, acompa\u00f1amiento y continuidad en sus procesos psicol\u00f3gicos, jur\u00eddicos o capacitaci\u00f3n para el empoderamiento hacia una vida libre de violencia.<\/p>\n\n\n\n<p>La administraci\u00f3n de los cupones ser\u00e1 a trav\u00e9s de la Direcci\u00f3n General de Prevenci\u00f3n y Atenci\u00f3n a la Violencia de la SeMujeres, \u00e1rea encargada de atender directamente a las usuarias que son v\u00edctimas de violencia.<\/p>\n\n\n\n<p>Adem\u00e1s, el Gobierno del Estado de M\u00e9xico capacitar\u00e1 a las y los conductores de la plataforma en prevenci\u00f3n de las violencias, y facilitar\u00e1 la descarga de la Cartilla de Derechos de las Mujeres a trav\u00e9s de la aplicaci\u00f3n, para que las usuarias la conozcan y ejerzan plenamente sus derechos.<\/p>\n\n\n\n<p>Magaly Palacios, Gerente de Relaciones con Gobierno de DiDi, destac\u00f3 la importancia de sumar esfuerzos entre el sector p\u00fablico y privado para garantizar condiciones de movilidad eficientes, apoyadas en tecnolog\u00eda e innovaci\u00f3n, para el bienestar de las mujeres mexiquenses.<\/p>\n\n\n\n<p>Con esta iniciativa, el Gobierno que encabeza la Maestra Delfina G\u00f3mez \u00c1lvarez refrenda su compromiso con la inclusi\u00f3n, mediante alianzas que fortalezcan el bienestar de las mujeres en situaciones de violencia o vulnerabilidad.<\/p>\n\n\n\n<p><\/p>\n\n\n\n<p><\/p>\n\n\n\n\n\n<p><\/p>\n","protected":false},"excerpt":{"rendered":"<p>El Gobierno del Estado de M\u00e9xico firm\u00f3 un convenio de colaboraci\u00f3n con la empresa DiDi&#8230;<\/p>\n","protected":false},"author":3,"featured_media":87353,"comment_status":"closed","ping_status":"closed","sticky":false,"template":"","format":"standard","meta":{"footnotes":""},"categories":[17,4],"tags":[],"class_list":["post-87351","post","type-post","status-publish","format-standard","has-post-thumbnail","hentry","category-nacional","category-noticias-del-dia"],"_links":{"self":[{"href":"https:\/\/bambapolitica.com.mx\/index.php\/wp-json\/wp\/v2\/posts\/87351","targetHints":{"allow":["GET"]}}],"collection":[{"href":"https:\/\/bambapolitica.com.mx\/index.php\/wp-json\/wp\/v2\/posts"}],"about":[{"href":"https:\/\/bambapolitica.com.mx\/index.php\/wp-json\/wp\/v2\/types\/post"}],"author":[{"embeddable":true,"href":"https:\/\/bambapolitica.com.mx\/index.php\/wp-json\/wp\/v2\/users\/3"}],"replies":[{"embeddable":true,"href":"https:\/\/bambapolitica.com.mx\/index.php\/wp-json\/wp\/v2\/comments?post=87351"}],"version-history":[{"count":1,"href":"https:\/\/bambapolitica.com.mx\/index.php\/wp-json\/wp\/v2\/posts\/87351\/revisions"}],"predecessor-version":[{"id":87354,"href":"https:\/\/bambapolitica.com.mx\/index.php\/wp-json\/wp\/v2\/posts\/87351\/revisions\/87354"}],"wp:featuredmedia":[{"embeddable":true,"href":"https:\/\/bambapolitica.com.mx\/index.php\/wp-json\/wp\/v2\/media\/87353"}],"wp:attachment":[{"href":"https:\/\/bambapolitica.com.mx\/index.php\/wp-json\/wp\/v2\/media?parent=87351"}],"wp:term":[{"taxonomy":"category","embeddable":true,"href":"https:\/\/bambapolitica.com.mx\/index.php\/wp-json\/wp\/v2\/categories?post=87351"},{"taxonomy":"post_tag","embeddable":true,"href":"https:\/\/bambapolitica.com.mx\/index.php\/wp-json\/wp\/v2\/tags?post=87351"}],"curies":[{"name":"wp","href":"https:\/\/api.w.org\/{rel}","templated":true}]}}