{"id":87363,"date":"2025-12-10T11:54:03","date_gmt":"2025-12-10T17:54:03","guid":{"rendered":"https:\/\/bambapolitica.com.mx\/?p=87363"},"modified":"2025-12-10T11:54:08","modified_gmt":"2025-12-10T17:54:08","slug":"texcoco-lanza-transporte-gratis-para-garantizar-vacunacion-masiva-en-recinto-de-la-feria-del-caballo","status":"publish","type":"post","link":"https:\/\/bambapolitica.com.mx\/index.php\/2025\/12\/10\/texcoco-lanza-transporte-gratis-para-garantizar-vacunacion-masiva-en-recinto-de-la-feria-del-caballo\/","title":{"rendered":"Texcoco lanza transporte gratis para garantizar vacunaci\u00f3n masiva en recinto de la Feria del Caballo"},"content":{"rendered":"\n<p>El esp\u00edritu comunitario y la prevenci\u00f3n se unen hoy en Texcoco, donde el Gobierno Municipal ha inaugurado las \u201cMegajornadas de Salud Texcoco 2025\u201d en las instalaciones de la emblem\u00e1tica Feria del Caballo. El evento no solo ofrece una gama&nbsp; de vacunas esenciales, sino que, en un gesto de log\u00edstica y solidaridad sin precedentes, ha dispuesto transporte gratuito para acercar a los habitantes de las comunidades m\u00e1s alejadas al centro de salud.<\/p>\n\n\n\n<p>Desde las 9:00 horas, las brigadas de salud, respaldadas por la Secretar\u00eda de Salud federal, comenzaron a aplicar de manera gratuita las vacunas contra el COVID-19, Influenza, Sarampi\u00f3n y Neumococo. Simult\u00e1neamente, se ofrecen mastograf\u00edas para mujeres de 40 a 69 a\u00f1os, reforzando la estrategia de salud integral impulsada por la administraci\u00f3n local.<\/p>\n\n\n\n<p>\u200bEl Alcalde Nazario Guti\u00e9rrez, al Rescate de la Movilidad<\/p>\n\n\n\n<p>La principal novedad y el motor de esta jornada es la soluci\u00f3n de movilidad. El presidente municipal, Nazario Guti\u00e9rrez Mart\u00ednez, ha puesto en marcha un operativo de transporte que incluye combis y taxis, circulando desde las 11:00 de la ma\u00f1ana para recoger y regresar a los vecinos de las comunidades texcocanas.<\/p>\n\n\n\n<p>\u200b\u00bbA partir de las 11:00 am empieza la ayuda de transporte p\u00fablico en todas las comunidades,\u00bb comparti\u00f3 el alcalde Nazario Guti\u00e9rrez en entrevista desde la sede de la jornada.&nbsp;<\/p>\n\n\n\n<p>\u00abVa a haber transporte para que vengan a vacunarse, los traen y los llevan. Hago mi agradecimiento al transporte, que siempre es solidario con nosotros, con el gobierno municipal. Va a haber transporte en todos los centros de las comunidades para que puedan venir.\u00bb<\/p>\n\n\n\n<p>El mun\u00edcipe enfatiz\u00f3 la importancia de la prevenci\u00f3n y la accesibilidad, recordando las lecciones de la pandemia.&nbsp;<\/p>\n\n\n\n<p>\u00abLa vacuna es gratuita y creo que vale la pena para que evitemos ma\u00f1ana algunas enfermedades, por el tema simple de una vacuna. Los invitamos a que vengan,\u00bb insisti\u00f3 el alcalde.&nbsp;<\/p>\n\n\n\n<p>De hecho, el propio Guti\u00e9rrez Mart\u00ednez dio el ejemplo al vacunarse contra el COVID-19.<\/p>\n\n\n\n<p>\u200b*Colaboraci\u00f3n y Apertura Regional*<\/p>\n\n\n\n<p>\u200bLa log\u00edstica de esta megajornada no solo beneficia a Texcoco.<\/p>\n\n\n\n<p>&nbsp;El esfuerzo coordinado por la presidenta del Sistema Municipal DIF, en colaboraci\u00f3n con sus hom\u00f3logos de municipios vecinos, ha extendido la invitaci\u00f3n a toda la regi\u00f3n. \u00abTambi\u00e9n hay oportunidad de que vengan a vacunarse,\u00bb se\u00f1al\u00f3 el alcalde, destacando la vocaci\u00f3n de servicio que trasciende las fronteras municipales.<\/p>\n\n\n\n<p>\u200bLas jornadas se desarrollan en un ambiente de orden y tranquilidad.&nbsp;<\/p>\n\n\n\n<p>Los ciudadanos solo necesitan presentar su Cartilla Nacional de Salud o, en su defecto, una copia de su INE o CURP.<\/p>\n\n\n\n<p>\u200bCon la meta de fortalecer la salud \u00abDe la mano del pueblo\u00bb \u2013 como reza el eslogan de la campa\u00f1a \u2013, Texcoco se consolida como un ejemplo de c\u00f3mo la voluntad pol\u00edtica y la log\u00edstica pueden derribar las barreras geogr\u00e1ficas para llevar servicios esenciales a cada rinc\u00f3n de su municipio.<\/p>\n\n\n\n<p>&nbsp;La vacunaci\u00f3n masiva est\u00e1 programada hasta las 15:00 horas.<\/p>\n","protected":false},"excerpt":{"rendered":"<p>El esp\u00edritu comunitario y la prevenci\u00f3n se unen hoy en Texcoco, donde el Gobierno Municipal&#8230;<\/p>\n","protected":false},"author":3,"featured_media":87364,"comment_status":"closed","ping_status":"closed","sticky":false,"template":"","format":"standard","meta":{"footnotes":""},"categories":[4],"tags":[],"class_list":["post-87363","post","type-post","status-publish","format-standard","has-post-thumbnail","hentry","category-noticias-del-dia"],"_links":{"self":[{"href":"https:\/\/bambapolitica.com.mx\/index.php\/wp-json\/wp\/v2\/posts\/87363","targetHints":{"allow":["GET"]}}],"collection":[{"href":"https:\/\/bambapolitica.com.mx\/index.php\/wp-json\/wp\/v2\/posts"}],"about":[{"href":"https:\/\/bambapolitica.com.mx\/index.php\/wp-json\/wp\/v2\/types\/post"}],"author":[{"embeddable":true,"href":"https:\/\/bambapolitica.com.mx\/index.php\/wp-json\/wp\/v2\/users\/3"}],"replies":[{"embeddable":true,"href":"https:\/\/bambapolitica.com.mx\/index.php\/wp-json\/wp\/v2\/comments?post=87363"}],"version-history":[{"count":1,"href":"https:\/\/bambapolitica.com.mx\/index.php\/wp-json\/wp\/v2\/posts\/87363\/revisions"}],"predecessor-version":[{"id":87365,"href":"https:\/\/bambapolitica.com.mx\/index.php\/wp-json\/wp\/v2\/posts\/87363\/revisions\/87365"}],"wp:featuredmedia":[{"embeddable":true,"href":"https:\/\/bambapolitica.com.mx\/index.php\/wp-json\/wp\/v2\/media\/87364"}],"wp:attachment":[{"href":"https:\/\/bambapolitica.com.mx\/index.php\/wp-json\/wp\/v2\/media?parent=87363"}],"wp:term":[{"taxonomy":"category","embeddable":true,"href":"https:\/\/bambapolitica.com.mx\/index.php\/wp-json\/wp\/v2\/categories?post=87363"},{"taxonomy":"post_tag","embeddable":true,"href":"https:\/\/bambapolitica.com.mx\/index.php\/wp-json\/wp\/v2\/tags?post=87363"}],"curies":[{"name":"wp","href":"https:\/\/api.w.org\/{rel}","templated":true}]}}