{"id":87366,"date":"2025-12-10T11:58:43","date_gmt":"2025-12-10T17:58:43","guid":{"rendered":"https:\/\/bambapolitica.com.mx\/?p=87366"},"modified":"2025-12-10T11:58:45","modified_gmt":"2025-12-10T17:58:45","slug":"son-recursos-propios-adan-augusto-niega-que-haya-regalado-17-mil-libros-de-amlo-con-dinero-del-senado","status":"publish","type":"post","link":"https:\/\/bambapolitica.com.mx\/index.php\/2025\/12\/10\/son-recursos-propios-adan-augusto-niega-que-haya-regalado-17-mil-libros-de-amlo-con-dinero-del-senado\/","title":{"rendered":"\u2018Son recursos propios\u2019: Ad\u00e1n Augusto niega que haya regalado 17 mil libros de AMLO con dinero del Senado"},"content":{"rendered":"\n<p>Ad\u00e1n Augusto L\u00f3pez Hern\u00e1ndez rechaz\u00f3 que los ejemplares del libro de AMLO que regal\u00f3 hayan sido adquiridos con recursos del Senado o de Morena.<\/p>\n\n\n\n<p><strong>\u00bfSali\u00f3 de su bolsillo?<\/strong>&nbsp;<a href=\"https:\/\/www.elfinanciero.com.mx\/nacional\/2025\/12\/09\/adan-augusto-lopez-se-disfraza-de-santa-regala-en-el-senado-mas-de-17-mil-tomos-del-nuevo-libro-de-amlo\/\" target=\"_blank\" rel=\"noreferrer noopener\">El senador Ad\u00e1n Augusto L\u00f3pez Hern\u00e1ndez<\/a>&nbsp;rechaz\u00f3 que los ejemplares del&nbsp;<a href=\"https:\/\/www.elfinanciero.com.mx\/nacional\/2025\/11\/30\/amlo-reaparece-en-video-para-promocionar-su-libro-grandeza-no-hay-que-hacerle-sombra-a-la-presidenta\/\" target=\"_blank\" rel=\"noreferrer noopener\">libro \u2018Grandeza\u2019, del presidente Andr\u00e9s Manuel L\u00f3pez Obrador<\/a>, que regal\u00f3 a los legisladores hayan sido adquiridos con&nbsp;<strong>recursos del Senado o del Grupo Parlamentario de Morena.<\/strong><\/p>\n\n\n\n<p>\u201c<strong>Son recursos propios<\/strong>\u201d, afirm\u00f3 al ser cuestionado por la prensa. Se\u00f1al\u00f3 que a\u00fan no ha calculado el monto exacto de la compra, pero estim\u00f3 que adquiri\u00f3 \u201c<strong>unos 10 mil<\/strong>\u201d libros para obsequiarlos.<\/p>\n\n\n\n<p>L\u00f3pez Hern\u00e1ndez explic\u00f3 que su intenci\u00f3n fue simplemente tener un detalle con compa\u00f1eros, por lo que decidi\u00f3&nbsp;<strong>disfrazarse de \u2018Santa Claus\u2019&nbsp;<\/strong>y adelantar la Navidad: \u201cEn M\u00e9xico acostumbran regalar pierna, pavo y eso\u2026 y yo les regalo libros\u201d.<\/p>\n\n\n\n<p>El legislador insisti\u00f3 en que&nbsp;<strong>no se usaron recursos p\u00fablicos<\/strong>&nbsp;para la compra de los ejemplares y record\u00f3 que previamente ya hab\u00eda hecho obsequios similares: \u201cS\u00ed les dije que&nbsp;<strong>andaba tratando de conseguir libros para regalarles<\/strong>, as\u00ed como les mand\u00e9 el obsequio de la presidenta el otro a\u00f1o\u201d.<\/p>\n\n\n\n<h2 class=\"wp-block-heading\">\u00bfQu\u00e9 sabemos de los libros de AMLO regalados por parte de Ad\u00e1n Augusto L\u00f3pez?<\/h2>\n\n\n\n<p>En los pasillos del Senado se observaron cientos de cajas blancas que conten\u00edan ejemplares del libro escrito por el expresidente&nbsp;<a href=\"https:\/\/www.elfinanciero.com.mx\/opinion\/raymundo-riva-palacio\/2025\/11\/18\/expedientes-para-lopez-obrador\/\" target=\"_blank\" rel=\"noreferrer noopener\">Andr\u00e9s Manuel L\u00f3pez Obrador<\/a>, que fue presentado a finales de noviembre. Cada una de las cajas inclu\u00eda una tarjeta con el mensaje: \u201cCon los atentos saludos de Ad\u00e1n Augusto L\u00f3pez Hern\u00e1ndez, senador de la Rep\u00fablica\u201d.<\/p>\n\n\n\n<p>A cada uno de los 67 legisladores de la bancada morenista le fueron entregadas entre<strong>\u00a010 y 20 cajas en sus oficinas<\/strong>, cada una con 20 ejemplares del libro. Las cajas de libros estaban presentes en las oficinas de los siguientes senadores:<\/p>\n\n\n\n<ul class=\"wp-block-list\">\n<li>Andrea Ch\u00e1vez<\/li>\n\n\n\n<li>Julieta Ram\u00edrez Padilla<\/li>\n\n\n\n<li>Alejandra Berenice Arias Trevilla<\/li>\n\n\n\n<li>Javier Corral<\/li>\n\n\n\n<li>An\u00edbal Ostoa<\/li>\n\n\n\n<li>Luis Fernando Salazar<\/li>\n\n\n\n<li>F\u00e9lix Salgado Macedonio.<\/li>\n<\/ul>\n\n\n\n<p>De acuerdo con la editorial Planeta, el precio comercial del nuevo libro de&nbsp;<a href=\"https:\/\/www.elfinanciero.com.mx\/nacional\/2025\/12\/02\/no-existen-escenarios-que-menciono-amlo-para-su-regreso-celebra-claudia-sheinbaum\/\" target=\"_blank\" rel=\"noreferrer noopener\">AMLO<\/a>&nbsp;en formato impreso ronda los<strong>&nbsp;448 pesos<\/strong>, aunque algunos senadores dijeron que el costo unitario fue de 600 pesos.<\/p>\n\n\n\n<p>Si se toma el precio promedio, el reparto representar\u00eda un gasto de m\u00e1s de<strong>\u00a07 millones 600 mil pesos<\/strong>. Hasta el momento, no se ha informado si el gasto de los libros se realiz\u00f3 con recursos institucionales, personales o de partido.<\/p>\n\n\n\n<p><\/p>\n","protected":false},"excerpt":{"rendered":"<p>Ad\u00e1n Augusto L\u00f3pez Hern\u00e1ndez rechaz\u00f3 que los ejemplares del libro de AMLO que regal\u00f3 hayan&#8230;<\/p>\n","protected":false},"author":3,"featured_media":87367,"comment_status":"closed","ping_status":"closed","sticky":false,"template":"","format":"standard","meta":{"footnotes":""},"categories":[1],"tags":[],"class_list":["post-87366","post","type-post","status-publish","format-standard","has-post-thumbnail","hentry","category-uncategorized"],"_links":{"self":[{"href":"https:\/\/bambapolitica.com.mx\/index.php\/wp-json\/wp\/v2\/posts\/87366","targetHints":{"allow":["GET"]}}],"collection":[{"href":"https:\/\/bambapolitica.com.mx\/index.php\/wp-json\/wp\/v2\/posts"}],"about":[{"href":"https:\/\/bambapolitica.com.mx\/index.php\/wp-json\/wp\/v2\/types\/post"}],"author":[{"embeddable":true,"href":"https:\/\/bambapolitica.com.mx\/index.php\/wp-json\/wp\/v2\/users\/3"}],"replies":[{"embeddable":true,"href":"https:\/\/bambapolitica.com.mx\/index.php\/wp-json\/wp\/v2\/comments?post=87366"}],"version-history":[{"count":1,"href":"https:\/\/bambapolitica.com.mx\/index.php\/wp-json\/wp\/v2\/posts\/87366\/revisions"}],"predecessor-version":[{"id":87368,"href":"https:\/\/bambapolitica.com.mx\/index.php\/wp-json\/wp\/v2\/posts\/87366\/revisions\/87368"}],"wp:featuredmedia":[{"embeddable":true,"href":"https:\/\/bambapolitica.com.mx\/index.php\/wp-json\/wp\/v2\/media\/87367"}],"wp:attachment":[{"href":"https:\/\/bambapolitica.com.mx\/index.php\/wp-json\/wp\/v2\/media?parent=87366"}],"wp:term":[{"taxonomy":"category","embeddable":true,"href":"https:\/\/bambapolitica.com.mx\/index.php\/wp-json\/wp\/v2\/categories?post=87366"},{"taxonomy":"post_tag","embeddable":true,"href":"https:\/\/bambapolitica.com.mx\/index.php\/wp-json\/wp\/v2\/tags?post=87366"}],"curies":[{"name":"wp","href":"https:\/\/api.w.org\/{rel}","templated":true}]}}