{"id":87369,"date":"2025-12-10T12:03:48","date_gmt":"2025-12-10T18:03:48","guid":{"rendered":"https:\/\/bambapolitica.com.mx\/?p=87369"},"modified":"2025-12-10T12:03:50","modified_gmt":"2025-12-10T18:03:50","slug":"12-de-diciembre-cierres-viales-metro-y-metrobus-por-el-dia-de-la-virgen-de-guadalupe","status":"publish","type":"post","link":"https:\/\/bambapolitica.com.mx\/index.php\/2025\/12\/10\/12-de-diciembre-cierres-viales-metro-y-metrobus-por-el-dia-de-la-virgen-de-guadalupe\/","title":{"rendered":"12 de Diciembre: Cierres viales, Metro y Metrob\u00fas por el D\u00eda de la Virgen de Guadalupe."},"content":{"rendered":"\n<p>La Secretar\u00eda de Seguridad Ciudadana (SSC) implementa el<strong>&nbsp;operativo Peregrino 2025 en la&nbsp;<a href=\"https:\/\/heraldodemexico.com.mx\/nacional\/2025\/12\/10\/estas-son-las-autopistas-carreteras-bloqueadas-para-hoy-10-de-diciembre-en-vivo-751127.html\" target=\"_blank\" rel=\"noreferrer noopener\">Bas\u00edlica de Guadalupe<\/a>,<\/strong>&nbsp;en la zona de La Villa, en donde ya ha iniciado el arribo masivo de peregrinos. Este despliegue implica cierres viales, as\u00ed como un reforzamiento en la seguridad y verificaci\u00f3n en los comercios.<\/p>\n\n\n\n<p>La misma dependencia prev\u00e9 que lleguen&nbsp;<strong>12 millones de peregrinos en diciembre a&nbsp;<a href=\"https:\/\/heraldodemexico.com.mx\/nacional\/2025\/12\/10\/la-villa-de-guadalupe-el-culto-que-moldeo-un-barrio-entero-en-la-ciudad-de-mexico-751328.html\" target=\"_blank\" rel=\"noreferrer noopener\">La Villa, por lo que la Gustavo A.<\/a>&nbsp;Madero&nbsp;<\/strong>presenta complicaciones viales en las inmediaciones al recinto mariano. En este marco es que habr\u00e1 cortes viales en las siguientes calles:<\/p>\n\n\n\n<ul class=\"wp-block-list\">\n<li><strong>Avenida de los Insurgentes Norte<\/strong><\/li>\n\n\n\n<li><strong>Eje 2 Norte \u00c1ngel Albino Corzo<\/strong><\/li>\n\n\n\n<li><strong>Ferrocarril Hidalgo<\/strong><\/li>\n\n\n\n<li><strong>Calzada de Guadalupe<\/strong><\/li>\n\n\n\n<li><strong>Calzada de los Misterios<\/strong><\/li>\n\n\n\n<li><strong>Circuito Interior<\/strong><\/li>\n<\/ul>\n\n\n\n<p>El despliegue policial<strong>&nbsp;inici\u00f3 el pasado 6 de diciembre y terminar\u00e1 el domingo 14,&nbsp;<\/strong>el cual estar\u00e1 operando en las principales v\u00edas de acceso carretero a la Ciudad de M\u00e9xico y en las vialidades utilizadas como ruta para el arribo de peregrinos, adem\u00e1s se efectuar\u00e1n acciones de vigilancia y proximidad en las inmediaciones&nbsp;<strong>del atrio de la Bas\u00edlica.<\/strong><\/p>\n\n\n\n<p>Para estas actividades, la SSC destinar\u00e1 5 mil 080 polic\u00edas, apoyados con 255 patrullas, 73 motocicletas, 15 gr\u00faas, dos drones, 13 ambulancias y cinco motoambulancias del ERUM, quienes ser\u00e1n los encargados de garantizar la integridad de los visitantes al Tepeyac.<\/p>\n\n\n\n<h2 class=\"wp-block-heading\">As\u00ed operar\u00e1n Metro y Metrob\u00fas por el D\u00eda de la Virgen de Guadalupe<\/h2>\n\n\n\n<p>Hasta el momento, el Metro y Metrob\u00fas no ha informado sobre las estaciones que tendr\u00e1n modificaciones en sus rutas, pero derivado del operativo Peregrino de la SSC y el cierre de calles, se prev\u00e9 que las siguientes l\u00edneas del transporte p\u00fablico tengan cambios:<\/p>\n\n\n\n<ul class=\"wp-block-list\">\n<li><strong>L\u00ednea 7 del Metrob\u00fas<\/strong><\/li>\n\n\n\n<li><strong>L\u00ednea 1 del Metrob\u00fas<\/strong><\/li>\n\n\n\n<li><strong>L\u00ednea 6 del Metrob\u00fas<\/strong><\/li>\n\n\n\n<li><strong>L\u00ednea 6 del Metro<\/strong><\/li>\n<\/ul>\n\n\n\n<p><\/p>\n","protected":false},"excerpt":{"rendered":"<p>La Secretar\u00eda de Seguridad Ciudadana (SSC) implementa el&nbsp;operativo Peregrino 2025 en la&nbsp;Bas\u00edlica de Guadalupe,&nbsp;en la&#8230;<\/p>\n","protected":false},"author":3,"featured_media":87370,"comment_status":"closed","ping_status":"closed","sticky":false,"template":"","format":"standard","meta":{"footnotes":""},"categories":[17],"tags":[],"class_list":["post-87369","post","type-post","status-publish","format-standard","has-post-thumbnail","hentry","category-nacional"],"_links":{"self":[{"href":"https:\/\/bambapolitica.com.mx\/index.php\/wp-json\/wp\/v2\/posts\/87369","targetHints":{"allow":["GET"]}}],"collection":[{"href":"https:\/\/bambapolitica.com.mx\/index.php\/wp-json\/wp\/v2\/posts"}],"about":[{"href":"https:\/\/bambapolitica.com.mx\/index.php\/wp-json\/wp\/v2\/types\/post"}],"author":[{"embeddable":true,"href":"https:\/\/bambapolitica.com.mx\/index.php\/wp-json\/wp\/v2\/users\/3"}],"replies":[{"embeddable":true,"href":"https:\/\/bambapolitica.com.mx\/index.php\/wp-json\/wp\/v2\/comments?post=87369"}],"version-history":[{"count":1,"href":"https:\/\/bambapolitica.com.mx\/index.php\/wp-json\/wp\/v2\/posts\/87369\/revisions"}],"predecessor-version":[{"id":87371,"href":"https:\/\/bambapolitica.com.mx\/index.php\/wp-json\/wp\/v2\/posts\/87369\/revisions\/87371"}],"wp:featuredmedia":[{"embeddable":true,"href":"https:\/\/bambapolitica.com.mx\/index.php\/wp-json\/wp\/v2\/media\/87370"}],"wp:attachment":[{"href":"https:\/\/bambapolitica.com.mx\/index.php\/wp-json\/wp\/v2\/media?parent=87369"}],"wp:term":[{"taxonomy":"category","embeddable":true,"href":"https:\/\/bambapolitica.com.mx\/index.php\/wp-json\/wp\/v2\/categories?post=87369"},{"taxonomy":"post_tag","embeddable":true,"href":"https:\/\/bambapolitica.com.mx\/index.php\/wp-json\/wp\/v2\/tags?post=87369"}],"curies":[{"name":"wp","href":"https:\/\/api.w.org\/{rel}","templated":true}]}}