{"id":87382,"date":"2025-12-11T00:33:29","date_gmt":"2025-12-11T06:33:29","guid":{"rendered":"https:\/\/bambapolitica.com.mx\/?p=87382"},"modified":"2025-12-11T00:33:33","modified_gmt":"2025-12-11T06:33:33","slug":"cisneros-la-mano-que-mece-la-cuna","status":"publish","type":"post","link":"https:\/\/bambapolitica.com.mx\/index.php\/2025\/12\/11\/cisneros-la-mano-que-mece-la-cuna\/","title":{"rendered":"Cisneros: la mano que mece la cuna"},"content":{"rendered":"\n<p>El operador silencioso detr\u00e1s de Nahle, la Fiscal\u00eda y el Poder Judicial en Veracruz<\/p>\n\n\n\n<p>En Veracruz hay figuras que no necesitan cargo visible para mover los hilos. Y una de ellas, seg\u00fan coinciden diversas voces pol\u00edticas, es Eric Cisneros Burgos, quien se mantiene como la mano que mece la cuna en los espacios m\u00e1s sensibles del poder estatal.<\/p>\n\n\n\n<p>Mientras la gobernadora Roc\u00edo Nahle ocupa la vitrina p\u00fablica, detr\u00e1s de ella opera una estructura que \u2014aseguran actores locales\u2014 contin\u00faa respetando y resguardando la posici\u00f3n pol\u00edtica de Cisneros. La influencia del exsecretario no desapareci\u00f3: solo cambi\u00f3 de forma.<\/p>\n\n\n\n<p>La Fiscal\u00eda: un espacio donde nada se mueve sin el visto bueno \u201csuperior\u201d<\/p>\n\n\n\n<p>Fuentes pol\u00edticas y jur\u00eddicas se\u00f1alan que la Fiscal\u00eda General del Estado mantiene una l\u00ednea marcada con el sello del viejo operador. Las decisiones estrat\u00e9gicas, los nombramientos y las directrices internas seguir\u00edan respondiendo m\u00e1s a acuerdos de poder que a autonom\u00eda institucional.<\/p>\n\n\n\n<p>La cercan\u00eda hist\u00f3rica entre Cisneros y los mandos de la Fiscal\u00eda no es un secreto, y su sombra contin\u00faa proyect\u00e1ndose en la agenda interna.<\/p>\n\n\n\n<p>El Poder Judicial: un terreno donde el control se construye con silencios<\/p>\n\n\n\n<p>En el Poder Judicial del Estado, la percepci\u00f3n es la misma: la presencia pol\u00edtica del exsecretario sigue influyendo en nombramientos, equilibrios internos y movimientos clave.<\/p>\n\n\n\n<p>No aparece en actos p\u00fablicos, no da entrevistas, no busca reflectores\u2026 pero su mano sigue ah\u00ed, firme, operativa, calculadora.<\/p>\n\n\n\n<p>Nahle: gobernadora con poder\u2026 pero no sola<\/p>\n\n\n\n<p>Aunque Roc\u00edo Nahle encabeza el gobierno estatal, sectores pol\u00edticos sostienen que no gobierna aislada: Cisneros contin\u00faa siendo una pieza central, uno de los grandes arquitectos del control interno, alguien cuya influencia ella misma reconoce y respeta.<\/p>\n\n\n\n<p>La lectura general es clara:<\/p>\n\n\n\n<p>Nahle gobierna hacia afuera; Cisneros opera hacia adentro.<\/p>\n\n\n\n<p>El verdadero mapa del poder en Veracruz<\/p>\n\n\n\n<p>La combinaci\u00f3n Nahle\u2013Cisneros no es casualidad ni improvisaci\u00f3n. Representa un modelo de control, donde la gobernadora encarna la imagen p\u00fablica del proyecto, mientras Cisneros mantiene las palancas internas del sistema pol\u00edtico, jur\u00eddico e institucional.<\/p>\n\n\n\n<p>En Veracruz, hoy m\u00e1s que nunca, el poder no solo se ejerce\u2026 tambi\u00e9n se oculta.<\/p>\n\n\n\n<p>Y en ese juego, hay una mano que mueve todo sin aparecer en la foto.<\/p>\n","protected":false},"excerpt":{"rendered":"<p>El operador silencioso detr\u00e1s de Nahle, la Fiscal\u00eda y el Poder Judicial en Veracruz En&#8230;<\/p>\n","protected":false},"author":8,"featured_media":87381,"comment_status":"closed","ping_status":"closed","sticky":false,"template":"","format":"standard","meta":{"footnotes":""},"categories":[4],"tags":[],"class_list":["post-87382","post","type-post","status-publish","format-standard","has-post-thumbnail","hentry","category-noticias-del-dia"],"_links":{"self":[{"href":"https:\/\/bambapolitica.com.mx\/index.php\/wp-json\/wp\/v2\/posts\/87382","targetHints":{"allow":["GET"]}}],"collection":[{"href":"https:\/\/bambapolitica.com.mx\/index.php\/wp-json\/wp\/v2\/posts"}],"about":[{"href":"https:\/\/bambapolitica.com.mx\/index.php\/wp-json\/wp\/v2\/types\/post"}],"author":[{"embeddable":true,"href":"https:\/\/bambapolitica.com.mx\/index.php\/wp-json\/wp\/v2\/users\/8"}],"replies":[{"embeddable":true,"href":"https:\/\/bambapolitica.com.mx\/index.php\/wp-json\/wp\/v2\/comments?post=87382"}],"version-history":[{"count":1,"href":"https:\/\/bambapolitica.com.mx\/index.php\/wp-json\/wp\/v2\/posts\/87382\/revisions"}],"predecessor-version":[{"id":87383,"href":"https:\/\/bambapolitica.com.mx\/index.php\/wp-json\/wp\/v2\/posts\/87382\/revisions\/87383"}],"wp:featuredmedia":[{"embeddable":true,"href":"https:\/\/bambapolitica.com.mx\/index.php\/wp-json\/wp\/v2\/media\/87381"}],"wp:attachment":[{"href":"https:\/\/bambapolitica.com.mx\/index.php\/wp-json\/wp\/v2\/media?parent=87382"}],"wp:term":[{"taxonomy":"category","embeddable":true,"href":"https:\/\/bambapolitica.com.mx\/index.php\/wp-json\/wp\/v2\/categories?post=87382"},{"taxonomy":"post_tag","embeddable":true,"href":"https:\/\/bambapolitica.com.mx\/index.php\/wp-json\/wp\/v2\/tags?post=87382"}],"curies":[{"name":"wp","href":"https:\/\/api.w.org\/{rel}","templated":true}]}}