{"id":87384,"date":"2025-12-11T04:51:18","date_gmt":"2025-12-11T10:51:18","guid":{"rendered":"https:\/\/bambapolitica.com.mx\/?p=87384"},"modified":"2025-12-11T04:51:24","modified_gmt":"2025-12-11T10:51:24","slug":"se-va-gertz-manero-de-la-fgr-y-pena-nieto-se-da-su-vueltecita-a-mexico-dicen-que-viene-por-asuntos-familiares","status":"publish","type":"post","link":"https:\/\/bambapolitica.com.mx\/index.php\/2025\/12\/11\/se-va-gertz-manero-de-la-fgr-y-pena-nieto-se-da-su-vueltecita-a-mexico-dicen-que-viene-por-asuntos-familiares\/","title":{"rendered":"SE VA GERTZ MANERO DE LA FGR Y PE\u00d1A NIETO SE DA SU VUELTECITA A M\u00c9XICO. DICEN QUE VIENE POR ASUNTOS FAMILIARES"},"content":{"rendered":"\n<p>El expresidente de M\u00e9xico, Enrique Pe\u00f1a Nieto (EPN), ha regresado al pa\u00eds tras casi siete a\u00f1os de ausencia, en lo que se describe como un &#8220;autoexilio&#8221; en Espa\u00f1a. Seg\u00fan reportes confirmados por periodistas como Joaqu\u00edn L\u00f3pez-D\u00f3riga y Mario Maldonado, Pe\u00f1a Nieto lleg\u00f3 discretamente el viernes 5 de diciembre de 2025 y fue avistado en Ixtapan de la Sal, Estado de M\u00e9xico, donde posee una lujosa residencia adquirida en 2005. De acuerdo con reportes period\u00edsticos el motivo principal de la visita es estrictamente familiar. Pe\u00f1a Nieto vino a ver a su madre, quien enfrenta problemas de salud que le impiden viajar con facilidad al extranjero. Mario Maldonado, autor del libro Confesiones desde el exilio: EPN, detall\u00f3 en redes sociales que &#8220;se le vio estos d\u00edas en Ixtapan de la Sal, seg\u00fan me confirman fuentes de alto nivel&#8221;. No se ha reportado agenda p\u00fablica ni reuniones pol\u00edticas durante su estancia. Ixtapan de la Sal, un municipio conocido por su club de golf exclusivo, fue un destino frecuente de Pe\u00f1a Nieto durante su mandato (2012-2018), donde sol\u00eda combinar actividades recreativas con encuentros privados. Hasta el momento, el expresidente no ha emitido declaraciones oficiales sobre su regreso ni ha aclarado si planea extender su permanencia en M\u00e9xico, aunque en entrevistas previas ha expresado intenciones de radicar en el pa\u00eds a futuro. Llama la atenci\u00f3n que tan pronto sale Gertz Manero de la Fiscal\u00eda General de la Rep\u00fablica, Pe\u00f1a Nieto cruza el oc\u00e9ano para darse una vueltecita por M\u00e9xico.<\/p>\n\n\n\n<p><\/p>\n","protected":false},"excerpt":{"rendered":"<p>El expresidente de M\u00e9xico, Enrique Pe\u00f1a Nieto (EPN), ha regresado al pa\u00eds tras casi siete&#8230;<\/p>\n","protected":false},"author":8,"featured_media":87385,"comment_status":"closed","ping_status":"closed","sticky":false,"template":"","format":"standard","meta":{"footnotes":""},"categories":[4],"tags":[],"class_list":["post-87384","post","type-post","status-publish","format-standard","has-post-thumbnail","hentry","category-noticias-del-dia"],"_links":{"self":[{"href":"https:\/\/bambapolitica.com.mx\/index.php\/wp-json\/wp\/v2\/posts\/87384","targetHints":{"allow":["GET"]}}],"collection":[{"href":"https:\/\/bambapolitica.com.mx\/index.php\/wp-json\/wp\/v2\/posts"}],"about":[{"href":"https:\/\/bambapolitica.com.mx\/index.php\/wp-json\/wp\/v2\/types\/post"}],"author":[{"embeddable":true,"href":"https:\/\/bambapolitica.com.mx\/index.php\/wp-json\/wp\/v2\/users\/8"}],"replies":[{"embeddable":true,"href":"https:\/\/bambapolitica.com.mx\/index.php\/wp-json\/wp\/v2\/comments?post=87384"}],"version-history":[{"count":1,"href":"https:\/\/bambapolitica.com.mx\/index.php\/wp-json\/wp\/v2\/posts\/87384\/revisions"}],"predecessor-version":[{"id":87386,"href":"https:\/\/bambapolitica.com.mx\/index.php\/wp-json\/wp\/v2\/posts\/87384\/revisions\/87386"}],"wp:featuredmedia":[{"embeddable":true,"href":"https:\/\/bambapolitica.com.mx\/index.php\/wp-json\/wp\/v2\/media\/87385"}],"wp:attachment":[{"href":"https:\/\/bambapolitica.com.mx\/index.php\/wp-json\/wp\/v2\/media?parent=87384"}],"wp:term":[{"taxonomy":"category","embeddable":true,"href":"https:\/\/bambapolitica.com.mx\/index.php\/wp-json\/wp\/v2\/categories?post=87384"},{"taxonomy":"post_tag","embeddable":true,"href":"https:\/\/bambapolitica.com.mx\/index.php\/wp-json\/wp\/v2\/tags?post=87384"}],"curies":[{"name":"wp","href":"https:\/\/api.w.org\/{rel}","templated":true}]}}