{"id":87388,"date":"2025-12-11T04:56:32","date_gmt":"2025-12-11T10:56:32","guid":{"rendered":"https:\/\/bambapolitica.com.mx\/?p=87388"},"modified":"2025-12-11T04:56:36","modified_gmt":"2025-12-11T10:56:36","slug":"la-sombra-de-la-corrupcion-de-javier-duarte-y-sus-vinculos-politicos-con-pena-nieto-lopez-obrador-y-el-nefasto-cuitlahuac-garcia","status":"publish","type":"post","link":"https:\/\/bambapolitica.com.mx\/index.php\/2025\/12\/11\/la-sombra-de-la-corrupcion-de-javier-duarte-y-sus-vinculos-politicos-con-pena-nieto-lopez-obrador-y-el-nefasto-cuitlahuac-garcia\/","title":{"rendered":"LA SOMBRA DE LA CORRUPCI\u00d3N DE JAVIER DUARTE Y SUS V\u00cdNCULOS POL\u00cdTICOS CON\u00a0\u00a0PE\u00d1A NIETO, L\u00d3PEZ OBRADOR Y EL NEFASTO CUITLAHUAC GARC\u00cdA."},"content":{"rendered":"\n<p>En el laberinto de la corrupci\u00f3n mexicana, la figura del ex gobernador de Veracruz, Javier Duarte de Ochoa, se dibuja con trazos oscuros y complicados. Recientemente, la Fiscal\u00eda General de la Rep\u00fablica (FGR) ha reavivado el foco sobre Duarte con nuevas acusaciones de desv\u00edo de recursos federales que, seg\u00fan la Auditor\u00eda Superior de la Federaci\u00f3n (ASF), superan los 62 mil millones de pesos. Sin embargo, el tel\u00f3n de fondo de esta investigaci\u00f3n se torna a\u00fan m\u00e1s intrigante al considerar los presuntos lazos que Javier Duarte pudo haber tejido con importantes campa\u00f1as pol\u00edticas.<\/p>\n\n\n\n<p>Las declaraciones de su ex tesorero, Tarek Abdal\u00e1 Saad, son un testimonio revelador. Con un criterio de oportunidad que lo protege, Abdal\u00e1 ha destapado un esquema sistem\u00e1tico de malversaci\u00f3n en el que Duarte no solo mov\u00eda irregularmente los recursos p\u00fablicos, sino que tambi\u00e9n utilizaba fondos destinados a la salud y otras \u00e1reas cr\u00edticas para su beneficio personal. En este entramado se encuentran empresas fantasmas y retiros de efectivo que, en manos del entonces gobernador, se convirtieron en un medio para financiar su c\u00f3modo estilo de vida.<\/p>\n\n\n\n<p>Pero m\u00e1s all\u00e1 de los esc\u00e1ndalos inmediatos, se cierne una pregunta inquietante: \u00bfse investigar\u00e1 el origen de esos recursos en el contexto de las campa\u00f1as presidenciales que marcaron el rumbo del pa\u00eds? Se ha comentado en c\u00edrculos pol\u00edticos que Duarte no escatim\u00f3 esfuerzos en apoyar monetariamente tanto la campa\u00f1a de Enrique Pe\u00f1a Nieto en 2012 como la de Andr\u00e9s Manuel L\u00f3pez Obrador desde antes del 2018, as\u00ed como la del ex gobernador de Veracruz, Cuitl\u00e1huac Garc\u00eda Jim\u00e9nez. Estas conexiones podr\u00edan implicar un trasfondo m\u00e1s complejo, en donde el desv\u00edo de fondos no solo enriqueci\u00f3 a Duarte, sino que podr\u00eda haber sido utilizado para garantizar partidismos y complicidades a nivel federal.<\/p>\n\n\n\n<p>El sistema pol\u00edtico mexicano, en su esencia, es un entramado donde las alianzas y los apoyos financieros son la moneda corriente. Aunque el v\u00ednculo entre Duarte y estos personajes ha sido, hasta ahora, un &#8220;secreto a voces&#8221;, la evidencia de su implicaci\u00f3n en el financiamiento de campa\u00f1as podr\u00eda abrir la puerta a un esc\u00e1ndalo de proporciones hist\u00f3ricas. Si la FGR decide rasgar este velo de complicidad, podr\u00eda no solo redefinir el futuro judicial de Duarte, sino tambi\u00e9n reconfigurar el paisaje pol\u00edtico del pa\u00eds, revelando los hilos invisibles que conectan la corrupci\u00f3n con el ejercicio del poder.<\/p>\n\n\n\n<p>Hoy en d\u00eda, el ex gobernador se enfrenta a nuevas imputaciones que podr\u00edan extender su tiempo en prisi\u00f3n, sumando a su ya pesada carga de culpabilidades. Sin embargo, el desaf\u00edo m\u00e1s grande para la justicia mexicana ser\u00e1 desenredar el complejo hilo de politiquer\u00eda, recursos p\u00fablicos y compromisos ocultos que la administraci\u00f3n de Javier Duarte supo tejer, y que, si no se investiga a fondo, podr\u00eda quedar oculto bajo las sombras de un sistema que ha permitido la impunidad durante demasiado tiempo. La ciudadan\u00eda exige respuestas, y la historia est\u00e1 lista para ser contada.<\/p>\n\n\n\n<p> <\/p>\n","protected":false},"excerpt":{"rendered":"<p>En el laberinto de la corrupci\u00f3n mexicana, la figura del ex gobernador de Veracruz, Javier&#8230;<\/p>\n","protected":false},"author":8,"featured_media":87389,"comment_status":"closed","ping_status":"closed","sticky":false,"template":"","format":"standard","meta":{"footnotes":""},"categories":[4],"tags":[],"class_list":["post-87388","post","type-post","status-publish","format-standard","has-post-thumbnail","hentry","category-noticias-del-dia"],"_links":{"self":[{"href":"https:\/\/bambapolitica.com.mx\/index.php\/wp-json\/wp\/v2\/posts\/87388","targetHints":{"allow":["GET"]}}],"collection":[{"href":"https:\/\/bambapolitica.com.mx\/index.php\/wp-json\/wp\/v2\/posts"}],"about":[{"href":"https:\/\/bambapolitica.com.mx\/index.php\/wp-json\/wp\/v2\/types\/post"}],"author":[{"embeddable":true,"href":"https:\/\/bambapolitica.com.mx\/index.php\/wp-json\/wp\/v2\/users\/8"}],"replies":[{"embeddable":true,"href":"https:\/\/bambapolitica.com.mx\/index.php\/wp-json\/wp\/v2\/comments?post=87388"}],"version-history":[{"count":1,"href":"https:\/\/bambapolitica.com.mx\/index.php\/wp-json\/wp\/v2\/posts\/87388\/revisions"}],"predecessor-version":[{"id":87390,"href":"https:\/\/bambapolitica.com.mx\/index.php\/wp-json\/wp\/v2\/posts\/87388\/revisions\/87390"}],"wp:featuredmedia":[{"embeddable":true,"href":"https:\/\/bambapolitica.com.mx\/index.php\/wp-json\/wp\/v2\/media\/87389"}],"wp:attachment":[{"href":"https:\/\/bambapolitica.com.mx\/index.php\/wp-json\/wp\/v2\/media?parent=87388"}],"wp:term":[{"taxonomy":"category","embeddable":true,"href":"https:\/\/bambapolitica.com.mx\/index.php\/wp-json\/wp\/v2\/categories?post=87388"},{"taxonomy":"post_tag","embeddable":true,"href":"https:\/\/bambapolitica.com.mx\/index.php\/wp-json\/wp\/v2\/tags?post=87388"}],"curies":[{"name":"wp","href":"https:\/\/api.w.org\/{rel}","templated":true}]}}