{"id":87400,"date":"2025-12-11T06:34:33","date_gmt":"2025-12-11T12:34:33","guid":{"rendered":"https:\/\/bambapolitica.com.mx\/?p=87400"},"modified":"2025-12-11T06:34:39","modified_gmt":"2025-12-11T12:34:39","slug":"se-realizo-en-texcoco-megajornada-de-vacunacion-y-mastografias","status":"publish","type":"post","link":"https:\/\/bambapolitica.com.mx\/index.php\/2025\/12\/11\/se-realizo-en-texcoco-megajornada-de-vacunacion-y-mastografias\/","title":{"rendered":"SE REALIZ\u00d3 EN TEXCOCO MEGAJORNADA DE VACUNACI\u00d3N Y MASTOGRAF\u00cdAS"},"content":{"rendered":"\n<p>Se estableci\u00f3 un operativo de transporte gratuito para facilitar a la poblaci\u00f3n de todas las comunidades de Texcoco el acceso a las vacunas.<\/p>\n\n\n\n<p>\u2022 Se record\u00f3 que hay una epidemia de sarampi\u00f3n en M\u00e9xico y las vacunas son un seguro de vida para prevenir enfermedades.<\/p>\n\n\n\n<p>En las instalaciones de la Feria del Caballo se realiz\u00f3 la Megajornada de Vacunaci\u00f3n y Mastograf\u00edas para aplicar vacunas contra el covid, influenza, neumococo y sarampi\u00f3n en Texcoco, en coordinaci\u00f3n con la Secretar\u00eda de Salud del Estado de M\u00e9xico y el Sistema Municipal para el Desarrollo Integral de la Familia (DIF) de Texcoco.<\/p>\n\n\n\n<p>En el pabell\u00f3n ferial se instalaron los m\u00f3dulos de vacunaci\u00f3n, mientras que el gobierno municipal de Texcoco, envi\u00f3 transporte gratuito a las comunidades para que los vecinos de este municipio llegaran al recinto ferial a vacunarse y protegerse de las enfermedades que se propagan en la temporada de fr\u00edo.<\/p>\n\n\n\n<p>Al inicio de la Megajornada de Vacunaci\u00f3n y Mastograf\u00edas asistieron el presidente municipal de Texcoco Nazario Guti\u00e9rrez Mart\u00ednez, la Presidenta Honoraria del Sistema Municipal para el Desarrollo Integral de la Familia (DIF) de Texcoco Yesenia Armas Tob\u00f3n, el Director de Servicios de Salud Erick Urrutia Favila, que acudi\u00f3 en representaci\u00f3n de la Secretaria de Salud (SSEM) Macarena Montoya, el director de epidemiolog\u00eda de la SSEM Marcoantonio Montes de Oca Gonzalez.<\/p>\n\n\n\n<p>El presidente municipal de Texcoco Nazario Guti\u00e9rrez Mart\u00ednez agradeci\u00f3 esta jornada de vacunaci\u00f3n al doctor Erick Urrutia Favila, qui\u00e9n acudi\u00f3 en representaci\u00f3n de la Secretaria de Salud Macarena Montoya y a la Gobernadora del Estado de M\u00e9xico Delfina G\u00f3mez \u00c1lvarez, as\u00ed como a los representantes de la jurisdicci\u00f3n sanitaria; y la presidenta honorar\u00eda del DIF de Texcoco, quien realiz\u00f3 la gesti\u00f3n para esta jornada.<\/p>\n\n\n\n<p>\u201cEste tipo de campa\u00f1as nos ayudan al cuidado de la salud de los habitantes de nuestro municipio sobre todo para que no vivamos otra pandemia que nos dej\u00f3 tristeza\u201d, dijo el presidente.<\/p>\n\n\n\n<p>Quien se\u00f1al\u00f3 que adem\u00e1s de la campa\u00f1a publicitaria, se dialog\u00f3 con los transportistas para que apoyaran en el traslado gratuito de los vecinos a la Feria del caballo para que acudan a vacunarse y as\u00ed protegerse contra las enfermedades con en la temporada invernal se activan.<\/p>\n\n\n\n<p>\u201cLas dependencias encargadas de salud nos traen las vacunas de manera gratuita y debemos aprovecharlas\u201d, dijo el presidente invitando a la ciudadan\u00eda a vacunarse contra el neumococo, influenza, covid y sarampi\u00f3n.<\/p>\n\n\n\n<p>El director de epidemiolog\u00eda de la SSEM Marco Antonio Montes de Oca Gonzalez, se\u00f1al\u00f3 que la Secretar\u00eda de Salud en el Estado de M\u00e9xico tienen un esquema de 26 vacunas gratuitas, mismas que est\u00e1n disponibles en el sector salud.<\/p>\n\n\n\n<p>La presidenta honoraria del DIF municipal Yesenia Armas Tob\u00f3n, luego de agradecer a la Gobernadora y a la Secretaria de Salud por esta jornada de vacunaci\u00f3n, se\u00f1al\u00f3 que esta jornada de vacunaci\u00f3n permite reforzar la salud de toda la familia, por lo que los invit\u00f3 a acudir para protegerse de las enfermedades que se reactivan en la temporada oto\u00f1o invierno.<\/p>\n\n\n\n<p>En su turno el Director de Servicios de Salud Erick Urrutia Favila, record\u00f3 a la ciudadan\u00eda que actualmente hay una epidemia de sarampi\u00f3n, \u201cen donde el 88% b\u00e1sicamente de los 5800 casos que hay en M\u00e9xico el 88% es porque no se vacunaron y el 12% restante es de peque\u00f1itos que no tuvieron la oportunidad de tener la segunda dosis\u201d, dijo recordando la importancia de la vacuna para evitar riesgos de salud.<\/p>\n\n\n\n<p>Agreg\u00f3 que la vacuna es la primera defensa, es un seguro de vida tanto para peque\u00f1os para adultos y adultos de la tercera edad y personas vulnerables que tenemos en el municipio durante esta jornada, \u201cqueremos fortalecer las acciones preventivas mediante la aplicaci\u00f3n oportuna de esquemas b\u00e1sicos completos y muy espec\u00edficos para personas de enfermedades como adultos mayores mujeres embarazadas y personas por enfermedades cr\u00f3nicas\u201d, expres\u00f3 resaltando que en el 2016 fuimos libres de sarampi\u00f3n, pero hoy lamentablemente se vive el epidemia de sarampi\u00f3n.<\/p>\n\n\n\n<p>La Secretar\u00eda de Salud, en coordinaci\u00f3n con el DIF de Texcoco estableci\u00f3 el operativo para agilizar la aplicaci\u00f3n de las vacunas en donde solo se les solicit\u00f3 una identificaci\u00f3n oficial para poder aplicarles el esquema de vacunaci\u00f3n de covid, sarampi\u00f3n, neumococo e influenza.<\/p>\n","protected":false},"excerpt":{"rendered":"<p>Se estableci\u00f3 un operativo de transporte gratuito para facilitar a la poblaci\u00f3n de todas las&#8230;<\/p>\n","protected":false},"author":8,"featured_media":87401,"comment_status":"closed","ping_status":"closed","sticky":false,"template":"","format":"standard","meta":{"footnotes":""},"categories":[4],"tags":[],"class_list":["post-87400","post","type-post","status-publish","format-standard","has-post-thumbnail","hentry","category-noticias-del-dia"],"_links":{"self":[{"href":"https:\/\/bambapolitica.com.mx\/index.php\/wp-json\/wp\/v2\/posts\/87400","targetHints":{"allow":["GET"]}}],"collection":[{"href":"https:\/\/bambapolitica.com.mx\/index.php\/wp-json\/wp\/v2\/posts"}],"about":[{"href":"https:\/\/bambapolitica.com.mx\/index.php\/wp-json\/wp\/v2\/types\/post"}],"author":[{"embeddable":true,"href":"https:\/\/bambapolitica.com.mx\/index.php\/wp-json\/wp\/v2\/users\/8"}],"replies":[{"embeddable":true,"href":"https:\/\/bambapolitica.com.mx\/index.php\/wp-json\/wp\/v2\/comments?post=87400"}],"version-history":[{"count":1,"href":"https:\/\/bambapolitica.com.mx\/index.php\/wp-json\/wp\/v2\/posts\/87400\/revisions"}],"predecessor-version":[{"id":87402,"href":"https:\/\/bambapolitica.com.mx\/index.php\/wp-json\/wp\/v2\/posts\/87400\/revisions\/87402"}],"wp:featuredmedia":[{"embeddable":true,"href":"https:\/\/bambapolitica.com.mx\/index.php\/wp-json\/wp\/v2\/media\/87401"}],"wp:attachment":[{"href":"https:\/\/bambapolitica.com.mx\/index.php\/wp-json\/wp\/v2\/media?parent=87400"}],"wp:term":[{"taxonomy":"category","embeddable":true,"href":"https:\/\/bambapolitica.com.mx\/index.php\/wp-json\/wp\/v2\/categories?post=87400"},{"taxonomy":"post_tag","embeddable":true,"href":"https:\/\/bambapolitica.com.mx\/index.php\/wp-json\/wp\/v2\/tags?post=87400"}],"curies":[{"name":"wp","href":"https:\/\/api.w.org\/{rel}","templated":true}]}}