{"id":87403,"date":"2025-12-11T08:54:57","date_gmt":"2025-12-11T14:54:57","guid":{"rendered":"https:\/\/bambapolitica.com.mx\/?p=87403"},"modified":"2025-12-11T08:55:00","modified_gmt":"2025-12-11T14:55:00","slug":"monreal-se-declara-muerto-para-eleccion-presidencial-de-2030","status":"publish","type":"post","link":"https:\/\/bambapolitica.com.mx\/index.php\/2025\/12\/11\/monreal-se-declara-muerto-para-eleccion-presidencial-de-2030\/","title":{"rendered":"Monreal se declara \u00abmuerto\u00bb para elecci\u00f3n presidencial de 2030"},"content":{"rendered":"\n<p>*No regalar\u00e1 ejemplares del libro de L\u00f3pez Obrador como lo hizo Ad\u00e1n Augusto<\/p>\n\n\n\n<p>El l\u00edder de los diputados de Morena ,<strong>&nbsp;Ricardo Monreal<\/strong>&nbsp;se declar\u00f3&nbsp;<strong>\u201cmuerto<\/strong>\u201d para las elecciones presidenciales del 2030.<\/p>\n\n\n\n<p><strong>\u201cNo, yo al 30 ya estar\u00e9 muerto. Como dijo Keynes: en el largo plazo todos estaremos muertos\u201d,<\/strong>&nbsp;ataj\u00f3 al ser cuestionado en entrevista sobre si buscar\u00e1 la elecci\u00f3n presidencial de 2030.<\/p>\n\n\n\n<p>En cuanto a que lo mismo dijo el expresidente Andr\u00e9s Manuel L\u00f3pez Obrador, el pol\u00edtico zacatecano respondi\u00f3:<\/p>\n\n\n\n<p>Sobre si se considera como un soldado de la naci\u00f3n, Monreal asever\u00f3 que\u00a0<strong>se define como un hombre modesto que quiso aportar mucho en pol\u00edtica.<\/strong><\/p>\n\n\n\n<p>Consider\u00f3 que&nbsp;<strong>su ciclo en la pol\u00edtica de servidor p\u00fablico est\u00e1 llegando a su fin:<\/strong>&nbsp;<em>\u201cdecid\u00ed hace un a\u00f1o y medio que mi agenda ser\u00eda la de la presidenta Claudia Sheinbaum y&nbsp;<\/em><strong><em>mi agenda es la de la presidenta Claudia Sheinbaum\u201d<\/em>.<\/strong><\/p>\n\n\n\n<p><strong>Rechaz\u00f3 la posibilidad de regalar ejemplares del libro \u00abGrandeza\u00bb del expresidente L\u00f3pez Obrado<\/strong>r a los integrantes de su bancada, a diferencia de su hom\u00f3logo en el Senado, Ad\u00e1n Augusto L\u00f3pez.<\/p>\n\n\n\n<p><\/p>\n\n\n\n<p><\/p>\n","protected":false},"excerpt":{"rendered":"<p>*No regalar\u00e1 ejemplares del libro de L\u00f3pez Obrador como lo hizo Ad\u00e1n Augusto El l\u00edder&#8230;<\/p>\n","protected":false},"author":8,"featured_media":87405,"comment_status":"closed","ping_status":"closed","sticky":false,"template":"","format":"standard","meta":{"footnotes":""},"categories":[4],"tags":[],"class_list":["post-87403","post","type-post","status-publish","format-standard","has-post-thumbnail","hentry","category-noticias-del-dia"],"_links":{"self":[{"href":"https:\/\/bambapolitica.com.mx\/index.php\/wp-json\/wp\/v2\/posts\/87403","targetHints":{"allow":["GET"]}}],"collection":[{"href":"https:\/\/bambapolitica.com.mx\/index.php\/wp-json\/wp\/v2\/posts"}],"about":[{"href":"https:\/\/bambapolitica.com.mx\/index.php\/wp-json\/wp\/v2\/types\/post"}],"author":[{"embeddable":true,"href":"https:\/\/bambapolitica.com.mx\/index.php\/wp-json\/wp\/v2\/users\/8"}],"replies":[{"embeddable":true,"href":"https:\/\/bambapolitica.com.mx\/index.php\/wp-json\/wp\/v2\/comments?post=87403"}],"version-history":[{"count":1,"href":"https:\/\/bambapolitica.com.mx\/index.php\/wp-json\/wp\/v2\/posts\/87403\/revisions"}],"predecessor-version":[{"id":87406,"href":"https:\/\/bambapolitica.com.mx\/index.php\/wp-json\/wp\/v2\/posts\/87403\/revisions\/87406"}],"wp:featuredmedia":[{"embeddable":true,"href":"https:\/\/bambapolitica.com.mx\/index.php\/wp-json\/wp\/v2\/media\/87405"}],"wp:attachment":[{"href":"https:\/\/bambapolitica.com.mx\/index.php\/wp-json\/wp\/v2\/media?parent=87403"}],"wp:term":[{"taxonomy":"category","embeddable":true,"href":"https:\/\/bambapolitica.com.mx\/index.php\/wp-json\/wp\/v2\/categories?post=87403"},{"taxonomy":"post_tag","embeddable":true,"href":"https:\/\/bambapolitica.com.mx\/index.php\/wp-json\/wp\/v2\/tags?post=87403"}],"curies":[{"name":"wp","href":"https:\/\/api.w.org\/{rel}","templated":true}]}}