{"id":87408,"date":"2025-12-11T09:06:56","date_gmt":"2025-12-11T15:06:56","guid":{"rendered":"https:\/\/bambapolitica.com.mx\/?p=87408"},"modified":"2025-12-11T09:07:00","modified_gmt":"2025-12-11T15:07:00","slug":"crea-gobierno-del-edomex-el-sistema-de-transporte-electrico-mexiquense-operara-trenes-teleferico-y-trolebus-en-2026","status":"publish","type":"post","link":"https:\/\/bambapolitica.com.mx\/index.php\/2025\/12\/11\/crea-gobierno-del-edomex-el-sistema-de-transporte-electrico-mexiquense-operara-trenes-teleferico-y-trolebus-en-2026\/","title":{"rendered":"Crea Gobierno del EdoM\u00e9x el Sistema de Transporte El\u00e9ctrico Mexiquense; operar\u00e1 trenes, telef\u00e9rico y troleb\u00fas en 2026"},"content":{"rendered":"\n<p>A partir de marzo del pr\u00f3ximo a\u00f1o este organismo estar\u00e1 encargado de hacer investigaciones y estudios que permitan sustentar las solicitudes de concesiones, permisos o \u00a0En un hecho hist\u00f3rico, el Gobierno de la Maestra Delfina G\u00f3mez \u00c1lvarez cre\u00f3 el Sistema de Transporte El\u00e9ctrico <\/p>\n\n\n\n<p>Mexiquense, organismo p\u00fablico descentralizado de car\u00e1cter estatal con personalidad jur\u00eddica y patrimonio propio, responsable de administrar el servicio de tren r\u00e1pido, ligero o similares; as\u00ed como telef\u00e9rico, troleb\u00fas y servicios complementarios, que utilizan energ\u00eda el\u00e9ctrica o h\u00edbrida, con recorrido subterr\u00e1neo, y\/o, de superficie y elevado.autorizaciones.<\/p>\n\n\n\n<p>JajaDaniel Sibaja Gonz\u00e1lez, titular de la Secretar\u00eda de Movilidad (Semov), dijo que este Sistema ser\u00e1 el encargado de realizar investigaciones y estudios que permitan sustentar las solicitudes de concesiones, permisos o autorizaciones ante las autoridades competentes.<\/p>\n\n\n\n<p>El decreto publicado en el Peri\u00f3dico Oficial Gaceta del Gobierno, se\u00f1ala que el organismo estar\u00e1 bajo la gesti\u00f3n de la Semov y entrar\u00e1 en vigor a partir del 2 de marzo del 2026. Los servicios de transporte a su cargo se podr\u00e1n prestar de forma directa o a trav\u00e9s de personas concesionarias.<\/p>\n\n\n\n<p>Su principal objetivo ser\u00e1 generar la infraestructura necesaria para proporcionar el servicio p\u00fablico, mediante sistemas el\u00e9ctricos, de transporte masivo, de mediana y de baja capacidad en la entidad, que incluya rutas y modalidades de transporte alimentador.<\/p>\n\n\n\n<p>Tambi\u00e9n ser\u00e1 el responsable de planear, coordinar, construir, administrar, operar, controlar y evaluar estos sistemas de transporte p\u00fablico, cuando se traten de rutas alimentadoras o pretroncales al Sistema de Transporte El\u00e9ctrico Mexiquense; y alta o masiva, excepto de las que correspondan al servicio de Mexib\u00fas del Sistema de Transporte Masivo y Telef\u00e9rico del Estado de M\u00e9xico (SITRAMyTEM).<\/p>\n","protected":false},"excerpt":{"rendered":"<p>A partir de marzo del pr\u00f3ximo a\u00f1o este organismo estar\u00e1 encargado de hacer investigaciones y&#8230;<\/p>\n","protected":false},"author":8,"featured_media":87409,"comment_status":"closed","ping_status":"closed","sticky":false,"template":"","format":"standard","meta":{"footnotes":""},"categories":[4],"tags":[],"class_list":["post-87408","post","type-post","status-publish","format-standard","has-post-thumbnail","hentry","category-noticias-del-dia"],"_links":{"self":[{"href":"https:\/\/bambapolitica.com.mx\/index.php\/wp-json\/wp\/v2\/posts\/87408","targetHints":{"allow":["GET"]}}],"collection":[{"href":"https:\/\/bambapolitica.com.mx\/index.php\/wp-json\/wp\/v2\/posts"}],"about":[{"href":"https:\/\/bambapolitica.com.mx\/index.php\/wp-json\/wp\/v2\/types\/post"}],"author":[{"embeddable":true,"href":"https:\/\/bambapolitica.com.mx\/index.php\/wp-json\/wp\/v2\/users\/8"}],"replies":[{"embeddable":true,"href":"https:\/\/bambapolitica.com.mx\/index.php\/wp-json\/wp\/v2\/comments?post=87408"}],"version-history":[{"count":1,"href":"https:\/\/bambapolitica.com.mx\/index.php\/wp-json\/wp\/v2\/posts\/87408\/revisions"}],"predecessor-version":[{"id":87410,"href":"https:\/\/bambapolitica.com.mx\/index.php\/wp-json\/wp\/v2\/posts\/87408\/revisions\/87410"}],"wp:featuredmedia":[{"embeddable":true,"href":"https:\/\/bambapolitica.com.mx\/index.php\/wp-json\/wp\/v2\/media\/87409"}],"wp:attachment":[{"href":"https:\/\/bambapolitica.com.mx\/index.php\/wp-json\/wp\/v2\/media?parent=87408"}],"wp:term":[{"taxonomy":"category","embeddable":true,"href":"https:\/\/bambapolitica.com.mx\/index.php\/wp-json\/wp\/v2\/categories?post=87408"},{"taxonomy":"post_tag","embeddable":true,"href":"https:\/\/bambapolitica.com.mx\/index.php\/wp-json\/wp\/v2\/tags?post=87408"}],"curies":[{"name":"wp","href":"https:\/\/api.w.org\/{rel}","templated":true}]}}