{"id":87414,"date":"2025-12-11T10:53:34","date_gmt":"2025-12-11T16:53:34","guid":{"rendered":"https:\/\/bambapolitica.com.mx\/?p=87414"},"modified":"2025-12-11T10:53:36","modified_gmt":"2025-12-11T16:53:36","slug":"mas-de-40-mil-guadalupanos-que-pasan-por-texcoco-son-resguardados-bajo-el-operativo-peregrino-seguro","status":"publish","type":"post","link":"https:\/\/bambapolitica.com.mx\/index.php\/2025\/12\/11\/mas-de-40-mil-guadalupanos-que-pasan-por-texcoco-son-resguardados-bajo-el-operativo-peregrino-seguro\/","title":{"rendered":"M\u00e1s de 40 mil guadalupanos que pasan por Texcoco son resguardados bajo el operativo \u2019peregrino seguro\u2019"},"content":{"rendered":"\n<h4 class=\"wp-block-heading\">La Direcci\u00f3n de Seguridad P\u00fablica y Movilidad en coordinaci\u00f3n con la<br>de Protecci\u00f3n Civil, Gesti\u00f3n Integral de Riesgos, Bomberos y Atenci\u00f3n<br>M\u00e9dica Prehospitalaria, se encuentran aplicando el operativo Peregrino<br>Seguro, que tiene como finalidad brindar seguridad, as\u00ed como<br>salvaguardar la integrada de los feligreses que pasan por Texcoco con<br>direcci\u00f3n a la Bas\u00edlica de Guadalupe.<\/h4>\n\n\n\n<p>El presidente municipal de Texcoco Nazario Guti\u00e9rrez Mart\u00ednez hizo un<br>llamado a los conductores que circulan por la zona para cuidar a los<br>peregrinos, manejar con precauci\u00f3n previniendo accidentes.<\/p>\n\n\n\n<p>A las texcocanas y texcocanos, los convoc\u00f3 a dar un buen trato al<br>peregrino, agradeciendo a quienes salen a ofrecerles un pan, un tamal,<br>un atole, una taza de caf\u00e9 un un agua, \u2019porque todos aquello que hacen<br>bien les regrese multiplicado\u2019, decret\u00f3.<\/p>\n\n\n\n<p>El Director de Seguridad P\u00fablica y Movilidad Roberto Hern\u00e1ndez<br>Romero, explic\u00f3 que se ha estado trabajando de manera coordinada<br>con la direcci\u00f3n de Protecci\u00f3n Civil, Gesti\u00f3n Integral de Riesgos,<\/p>\n\n\n\n<p>Bomberos y Atenci\u00f3n M\u00e9dica prehospitalaria para brindar la atenci\u00f3n<br>directa a los peregrinos guadalupanos, cumpliendo as\u00ed con las<br>disposiciones del presidente municipal Nazario Guti\u00e9rrez Mart\u00ednez para<br>brindar atenci\u00f3n y acompa\u00f1amiento a las caravanas con peregrinos uy<br>a quienes vienen en lo individual-<br>Hern\u00e1ndez Rometo dijo que a la fecha se tiene un aproximado 250<br>peregrinaciones con alrededor de 40,000 feligreses, as\u00ed como 200 a<br>300 camionetas.<\/p>\n\n\n\n<p>Ante ellos se han establecido cinco punto de control para el monitoreo<br>y atenci\u00f3n de los peregrinos guadalupanos, los puntos son:<\/p>\n\n\n\n<p>\u2022 Primer punto de control Carretera M\u00e9xico-Veracruz a la altura del<br>caracol de Santa In\u00e9s direcci\u00f3n Texcoco, permanecer\u00e1 una<br>unidad de las Regiones IV y V, coordinado con la polic\u00eda estatal.<\/p>\n\n\n\n<p>\u2022 Segundo punto: Carretera M\u00e9xico-Veracruz a la altura del Batan<br>direcci\u00f3n Texcoco, permaneciendo una unidad de la Regi\u00f3n VI<\/p>\n\n\n\n<p>\u2022 Tercer punto: Carretera Lecheria-Texcoco en la entrada de la<br>comunidad de La Magdalena Panoaya direcci\u00f3n los Reyes,<br>permaneciendo una unidad de la Regi\u00f3n II.<\/p>\n\n\n\n<p>Para las peregrinaciones que regresan a sus municipios de origen<br>ser\u00e1n abanderados, en los siguientes puntos.<br>\u2022 Primer punto: Avenida Ju\u00e1rez norte, Monumento Nezahualc\u00f3yotl<br>direcci\u00f3n Carretera M\u00e9xico-Veracruz, permaneciendo una unidad<br>de la Regi\u00f3n I<br>\u2022 Segundo punto: Carretera M\u00e9xico-Veracruz a la altura de la<br>entrada comunidad La Purificaci\u00f3n, permaneciendo una unidad<br>de la Regi\u00f3n VII.<br>Para este operativo Guadalupano se cuenta con estado de fuerza de<br>12 elementos operativos, 6 unidades, 15 polic\u00edas estatales, 3<br>unidades, 23 c\u00e1maras de video vigilancia.<\/p>\n\n\n\n<p>El operativo Peregrino Seguro, se mantendr\u00e1 hasta el 14 de diciembre<br>con la finalidad de agilizar el tr\u00e1nsito de las peregrinaciones tanto de ida<br>como de regreso por el municipio de Texcoco, comenzando en la<br>carretera Federal M\u00e9xico-Veracruz a la altura de Santa In\u00e9s, hasta la<br>autopista Pe\u00f1\u00f3n-Texcoco, para su atenci\u00f3n y seguridad.<\/p>\n","protected":false},"excerpt":{"rendered":"<p>La Direcci\u00f3n de Seguridad P\u00fablica y Movilidad en coordinaci\u00f3n con lade Protecci\u00f3n Civil, Gesti\u00f3n Integral&#8230;<\/p>\n","protected":false},"author":3,"featured_media":87415,"comment_status":"closed","ping_status":"closed","sticky":false,"template":"","format":"standard","meta":{"footnotes":""},"categories":[1],"tags":[],"class_list":["post-87414","post","type-post","status-publish","format-standard","has-post-thumbnail","hentry","category-uncategorized"],"_links":{"self":[{"href":"https:\/\/bambapolitica.com.mx\/index.php\/wp-json\/wp\/v2\/posts\/87414","targetHints":{"allow":["GET"]}}],"collection":[{"href":"https:\/\/bambapolitica.com.mx\/index.php\/wp-json\/wp\/v2\/posts"}],"about":[{"href":"https:\/\/bambapolitica.com.mx\/index.php\/wp-json\/wp\/v2\/types\/post"}],"author":[{"embeddable":true,"href":"https:\/\/bambapolitica.com.mx\/index.php\/wp-json\/wp\/v2\/users\/3"}],"replies":[{"embeddable":true,"href":"https:\/\/bambapolitica.com.mx\/index.php\/wp-json\/wp\/v2\/comments?post=87414"}],"version-history":[{"count":1,"href":"https:\/\/bambapolitica.com.mx\/index.php\/wp-json\/wp\/v2\/posts\/87414\/revisions"}],"predecessor-version":[{"id":87416,"href":"https:\/\/bambapolitica.com.mx\/index.php\/wp-json\/wp\/v2\/posts\/87414\/revisions\/87416"}],"wp:featuredmedia":[{"embeddable":true,"href":"https:\/\/bambapolitica.com.mx\/index.php\/wp-json\/wp\/v2\/media\/87415"}],"wp:attachment":[{"href":"https:\/\/bambapolitica.com.mx\/index.php\/wp-json\/wp\/v2\/media?parent=87414"}],"wp:term":[{"taxonomy":"category","embeddable":true,"href":"https:\/\/bambapolitica.com.mx\/index.php\/wp-json\/wp\/v2\/categories?post=87414"},{"taxonomy":"post_tag","embeddable":true,"href":"https:\/\/bambapolitica.com.mx\/index.php\/wp-json\/wp\/v2\/tags?post=87414"}],"curies":[{"name":"wp","href":"https:\/\/api.w.org\/{rel}","templated":true}]}}