{"id":89484,"date":"2026-03-13T05:54:29","date_gmt":"2026-03-13T11:54:29","guid":{"rendered":"https:\/\/bambapolitica.com.mx\/?p=89484"},"modified":"2026-03-13T05:54:35","modified_gmt":"2026-03-13T11:54:35","slug":"escandalo-en-el-congresodeveracruz-detienen-a-el-chepo-por-presunto-acososexual","status":"publish","type":"post","link":"https:\/\/bambapolitica.com.mx\/index.php\/2026\/03\/13\/escandalo-en-el-congresodeveracruz-detienen-a-el-chepo-por-presunto-acososexual\/","title":{"rendered":"\u00a1ESC\u00c1NDALO EN EL #CongresoDeVeracruz! DETIENEN A \u201cEL CHEPO\u201d POR PRESUNTO #AcosoSexual\u00a0"},"content":{"rendered":"\n<p><br>Un presunto caso de #AcosoSexual que salpica al #CongresoDeVeracruz gener\u00f3 revuelo este d\u00eda luego de que elementos de la Fiscal\u00eda General del Estado de Veracruz llevaran a cabo la detenci\u00f3n de Jos\u00e9 Manuel \u201cN\u201d, conocido como \u201cEl Chepo\u201d, originario del municipio de #Mart\u00ednezDeLaTorre.<\/p>\n\n\n\n<p>De acuerdo con los primeros reportes, el hombre \u2014quien presuntamente laboraba dentro del #CongresoDeVeracruz\u2014 fue detenido por su probable responsabilidad en el delito de acoso sexual, luego de que al menos dos mujeres presentaran denuncias formales en su contra por conductas inapropiadas.<\/p>\n\n\n\n<p>Las querellas quedaron integradas en la carpeta de investigaci\u00f3n 121\/2026, lo que deriv\u00f3 en la intervenci\u00f3n de autoridades ministeriales que procedieron a su localizaci\u00f3n y aseguramiento.<\/p>\n\n\n\n<p>Tras su captura, Jos\u00e9 Manuel \u201cN\u201d fue trasladado a los separos policiales, donde permanecer\u00e1 bajo resguardo mientras se define su situaci\u00f3n jur\u00eddica ante un juez de control, quien en las pr\u00f3ximas horas determinar\u00e1 si ser\u00e1 vinculado a proceso por los se\u00f1alamientos que pesan en su contra.<\/p>\n\n\n\n<p>El caso ha causado controversia en el \u00e1mbito pol\u00edtico, ya que el detenido ha tenido participaci\u00f3n en la vida p\u00fablica de #Mart\u00ednezDeLaTorre, donde en el pasado fue precandidato y candidato a cargos de elecci\u00f3n popular, adem\u00e1s de desempe\u00f1arse como asesor pol\u00edtico de diputados locales.<\/p>\n\n\n\n<p>Hasta el momento, ni el Congreso del Estado de Veracruz ni el Gobierno del Estado de Veracruz han emitido un posicionamiento oficial sobre la detenci\u00f3n. No obstante, se espera que en las pr\u00f3ximas horas se pronuncie la gobernadora Roc\u00edo Nahle Garc\u00eda, ante la gravedad de las acusaciones y la presunta relaci\u00f3n del detenido con el \u00e1mbito legislativo estatal.<\/p>\n\n\n\n<p>Las investigaciones contin\u00faan por parte de la Fiscal\u00eda General del Estado de Veracruz, mientras autoridades reiteraron que ser\u00e1 el Poder Judicial quien determine la responsabilidad legal del imputado conforme avancen las diligencias correspondientes.&nbsp;<\/p>\n\n\n\n<p>#Veracruz #Justicia #Seguridad #Xalapa #Fiscal\u00eda #Pol\u00edtica #DenunciaCiudadana<\/p>\n","protected":false},"excerpt":{"rendered":"<p>Un presunto caso de #AcosoSexual que salpica al #CongresoDeVeracruz gener\u00f3 revuelo este d\u00eda luego de&#8230;<\/p>\n","protected":false},"author":8,"featured_media":89485,"comment_status":"closed","ping_status":"closed","sticky":false,"template":"","format":"standard","meta":{"footnotes":""},"categories":[4],"tags":[],"class_list":["post-89484","post","type-post","status-publish","format-standard","has-post-thumbnail","hentry","category-noticias-del-dia"],"_links":{"self":[{"href":"https:\/\/bambapolitica.com.mx\/index.php\/wp-json\/wp\/v2\/posts\/89484","targetHints":{"allow":["GET"]}}],"collection":[{"href":"https:\/\/bambapolitica.com.mx\/index.php\/wp-json\/wp\/v2\/posts"}],"about":[{"href":"https:\/\/bambapolitica.com.mx\/index.php\/wp-json\/wp\/v2\/types\/post"}],"author":[{"embeddable":true,"href":"https:\/\/bambapolitica.com.mx\/index.php\/wp-json\/wp\/v2\/users\/8"}],"replies":[{"embeddable":true,"href":"https:\/\/bambapolitica.com.mx\/index.php\/wp-json\/wp\/v2\/comments?post=89484"}],"version-history":[{"count":1,"href":"https:\/\/bambapolitica.com.mx\/index.php\/wp-json\/wp\/v2\/posts\/89484\/revisions"}],"predecessor-version":[{"id":89486,"href":"https:\/\/bambapolitica.com.mx\/index.php\/wp-json\/wp\/v2\/posts\/89484\/revisions\/89486"}],"wp:featuredmedia":[{"embeddable":true,"href":"https:\/\/bambapolitica.com.mx\/index.php\/wp-json\/wp\/v2\/media\/89485"}],"wp:attachment":[{"href":"https:\/\/bambapolitica.com.mx\/index.php\/wp-json\/wp\/v2\/media?parent=89484"}],"wp:term":[{"taxonomy":"category","embeddable":true,"href":"https:\/\/bambapolitica.com.mx\/index.php\/wp-json\/wp\/v2\/categories?post=89484"},{"taxonomy":"post_tag","embeddable":true,"href":"https:\/\/bambapolitica.com.mx\/index.php\/wp-json\/wp\/v2\/tags?post=89484"}],"curies":[{"name":"wp","href":"https:\/\/api.w.org\/{rel}","templated":true}]}}