{"id":89488,"date":"2026-03-13T05:59:56","date_gmt":"2026-03-13T11:59:56","guid":{"rendered":"https:\/\/bambapolitica.com.mx\/?p=89488"},"modified":"2026-03-13T06:00:02","modified_gmt":"2026-03-13T12:00:02","slug":"lonas-en-oaxaca-exhiben-a-diputados-que-votaron-contra-reforma-electoral-traidores-a-la-patria","status":"publish","type":"post","link":"https:\/\/bambapolitica.com.mx\/index.php\/2026\/03\/13\/lonas-en-oaxaca-exhiben-a-diputados-que-votaron-contra-reforma-electoral-traidores-a-la-patria\/","title":{"rendered":"Lonas en Oaxaca exhiben a diputados que votaron contra reforma electoral: \u2018Traidores a la patria\u2019"},"content":{"rendered":"\n<p>Las lonas aparecieron en puentes peatonales de Oaxaca con la leyenda \u2018Traidores a la patria\u2019, en referencia a los diputados que votaron contra la reforma electoral.<\/p>\n\n\n\n<p><strong>Lonas de gran tama\u00f1o<\/strong>&nbsp;con la leyenda \u201cTraidores a la patria\u201d y los rostros de varios diputados federales del&nbsp;<a href=\"https:\/\/www.elfinanciero.com.mx\/nacional\/2026\/03\/12\/sheinbaum-se-reune-con-lideres-de-morena-pvem-y-pt-para-revisar-plan-b-de-la-reforma-electoral\/\" target=\"_blank\" rel=\"noreferrer noopener\">Partido del Trabajo (PT) y del Verde Ecologista (PVEM)<\/a>, aparecieron colocadas en distintos puentes peatonales de la ciudad de Oaxaca, lo que gener\u00f3 sorpresa entre automovilistas y peatones que transitaban por estas zonas de alta afluencia.<\/p>\n\n\n\n<p>Las mantas fueron instaladas en al menos tres puntos estrat\u00e9gicos: el puente peatonal ubicado en la colonia Alem\u00e1n, el puente del Monumento a la Madre y el que se localiza frente al Mercado Zonal de Santa Rosa.&nbsp;<\/p>\n\n\n\n<p>Debido a su ubicaci\u00f3n, los mensajes pudieron ser observados f\u00e1cilmente por&nbsp;<strong>cientos de personas&nbsp;<\/strong>que circulan diariamente por estas vialidades.<\/p>\n\n\n\n<p>Los diputados que aparecen en la lonas son: Eviel P\u00e9rez Maga\u00f1a del\u00a0<a href=\"https:\/\/www.elfinanciero.com.mx\/opinion\/alejo-sanchez-cano\/2026\/03\/12\/pvem-y-pt-ante-su-inevitable-extincion\/\" target=\"_blank\" rel=\"noreferrer noopener\">PVEM<\/a>, Margarita Garc\u00eda del PT, Ra\u00fal Bola\u00f1os Cacho Cu\u00e8 del PVEM, Maribel Martinez y Alejandro del PT.<\/p>\n\n\n\n<p>Critican postura de diputados del PT y PVEM en votaci\u00f3n de reforma electoral&nbsp;<\/p>\n\n\n\n<p>El se\u00f1alamiento hace referencia a su postura durante la&nbsp;<strong>reciente votaci\u00f3n<\/strong>&nbsp;de la&nbsp;<a href=\"https:\/\/www.elfinanciero.com.mx\/nacional\/2026\/03\/11\/reforma-electoral-de-sheinbaum-no-pasa-que-diputados-de-morena-pt-y-partido-verde-votaron-contra-la-iniciativa\/\" target=\"_blank\" rel=\"noreferrer noopener\">reforma electoral impulsada por la presidenta Claudia Sheinbaum<\/a>&nbsp;y discutida en la C\u00e1mara de Diputados.<\/p>\n\n\n\n<p>Algunos ciudadanos que pasaban por el lugar se detuvieron a observar los mensajes e incluso tomaron fotograf\u00edas que posteriormente comenzaron a circular en redes sociales.<\/p>\n\n\n\n<p>Hasta el momento, se desconoce qui\u00e9n o qu\u00e9 grupo estar\u00eda detr\u00e1s de la&nbsp;<strong>colocaci\u00f3n de estas lonas<\/strong>, pues ninguna organizaci\u00f3n o colectivo se ha adjudicado p\u00fablicamente la acci\u00f3n que ocurri\u00f3 durante la madrugada.&nbsp;<\/p>\n\n\n\n<p>Tampoco se ha informado si autoridades municipales o estatales han iniciado alg\u00fan operativo para retirarlas o para investigar su origen.<\/p>\n","protected":false},"excerpt":{"rendered":"<p>Las lonas aparecieron en puentes peatonales de Oaxaca con la leyenda \u2018Traidores a la patria\u2019,&#8230;<\/p>\n","protected":false},"author":8,"featured_media":89489,"comment_status":"closed","ping_status":"closed","sticky":false,"template":"","format":"standard","meta":{"footnotes":""},"categories":[4],"tags":[],"class_list":["post-89488","post","type-post","status-publish","format-standard","has-post-thumbnail","hentry","category-noticias-del-dia"],"_links":{"self":[{"href":"https:\/\/bambapolitica.com.mx\/index.php\/wp-json\/wp\/v2\/posts\/89488","targetHints":{"allow":["GET"]}}],"collection":[{"href":"https:\/\/bambapolitica.com.mx\/index.php\/wp-json\/wp\/v2\/posts"}],"about":[{"href":"https:\/\/bambapolitica.com.mx\/index.php\/wp-json\/wp\/v2\/types\/post"}],"author":[{"embeddable":true,"href":"https:\/\/bambapolitica.com.mx\/index.php\/wp-json\/wp\/v2\/users\/8"}],"replies":[{"embeddable":true,"href":"https:\/\/bambapolitica.com.mx\/index.php\/wp-json\/wp\/v2\/comments?post=89488"}],"version-history":[{"count":1,"href":"https:\/\/bambapolitica.com.mx\/index.php\/wp-json\/wp\/v2\/posts\/89488\/revisions"}],"predecessor-version":[{"id":89490,"href":"https:\/\/bambapolitica.com.mx\/index.php\/wp-json\/wp\/v2\/posts\/89488\/revisions\/89490"}],"wp:featuredmedia":[{"embeddable":true,"href":"https:\/\/bambapolitica.com.mx\/index.php\/wp-json\/wp\/v2\/media\/89489"}],"wp:attachment":[{"href":"https:\/\/bambapolitica.com.mx\/index.php\/wp-json\/wp\/v2\/media?parent=89488"}],"wp:term":[{"taxonomy":"category","embeddable":true,"href":"https:\/\/bambapolitica.com.mx\/index.php\/wp-json\/wp\/v2\/categories?post=89488"},{"taxonomy":"post_tag","embeddable":true,"href":"https:\/\/bambapolitica.com.mx\/index.php\/wp-json\/wp\/v2\/tags?post=89488"}],"curies":[{"name":"wp","href":"https:\/\/api.w.org\/{rel}","templated":true}]}}