{"id":89530,"date":"2026-03-13T21:27:01","date_gmt":"2026-03-14T03:27:01","guid":{"rendered":"https:\/\/bambapolitica.com.mx\/?p=89530"},"modified":"2026-03-13T21:27:06","modified_gmt":"2026-03-14T03:27:06","slug":"cfe-caem-y-el-ayuntamiento-daran-mantenimiento-a-carcamos-de-la-paz","status":"publish","type":"post","link":"https:\/\/bambapolitica.com.mx\/index.php\/2026\/03\/13\/cfe-caem-y-el-ayuntamiento-daran-mantenimiento-a-carcamos-de-la-paz\/","title":{"rendered":"CFE, CAEM Y EL AYUNTAMIENTO DAR\u00c1N MANTENIMIENTO A C\u00c1RCAMOS DE LA PAZ"},"content":{"rendered":"\n<p>La Presidenta Municipal, Martha Guerrero S\u00e1nchez, en compa\u00f1\u00eda de la Vocal Ejecutiva de la Comisi\u00f3n de Aguas del Estado de M\u00e9xico (CAEM), Beatriz Garc\u00eda Villegas, y del Superintendente de la Comisi\u00f3n Federal de Electrificaci\u00f3n (CFE), Jos\u00e9 Guadalupe Gonz\u00e1lez, realizaron un recorrido de supervisi\u00f3n por los c\u00e1rcamos Los Pinos y La Paz, con la finalidad de realizar trabajos de desazolve y mantenimiento para incrementar la capacidad de descargas de aguas residuales y pluviales durante la pr\u00f3xima temporada de lluvias y mitigar las inundaciones.<\/p>\n\n\n\n<p>Durante el recorrido en los sitios, ubicados en la colonia Ampliaci\u00f3n Tecamachalco, se revisaron los sistemas el\u00e9ctricos del equipo de rebombeo, con el objetivo de aumentar la capacidad de desalojo de las aguas residuales y pluviales al Canal R\u00edo de La Compa\u00f1\u00eda.<\/p>\n\n\n\n<p>En el c\u00e1rcamo Los Pinos se detectaron actos de vandalismo, por lo que se opt\u00f3 por reubicar la l\u00ednea el\u00e9ctrica para evitar el robo del cableado. Estas acciones, junto con la recuperaci\u00f3n del sistema el\u00e9ctrico, permitir\u00e1n en este c\u00e1rcamo incrementar el desalojo de aguas residuales de 6 mil a 7 mil metros c\u00fabicos por segundo.<\/p>\n\n\n\n<p>En el c\u00e1rcamo La Paz se instalar\u00e1n dos equipos de bombeo m\u00e1s, lo que implica introducir m\u00e1s carga el\u00e9ctrica y as\u00ed aumentar la capacidad de desalojo de 1.5 metros c\u00fabicos por segundo a 2.5 metros c\u00fabicos por segundo de aguas residuales y pluviales, con lo cual se atender\u00e1 una parte de la zona de Valle de los Reyes.<\/p>\n\n\n\n<p>Los trabajos de mantenimiento de las partes el\u00e9ctricas y para el incremento de la capacidad de la planta de rebombeo de estos c\u00e1rcamos, impulsados por la CFE, la CAEM y el H. Ayuntamiento de La Paz, se prev\u00e9 que concluyan a fines de mayo y est\u00e1n orientados a mitigar problemas de inundaci\u00f3n en la pr\u00f3xima temporada de lluvias en las partes bajas del municipio.<\/p>\n","protected":false},"excerpt":{"rendered":"<p>La Presidenta Municipal, Martha Guerrero S\u00e1nchez, en compa\u00f1\u00eda de la Vocal Ejecutiva de la Comisi\u00f3n&#8230;<\/p>\n","protected":false},"author":8,"featured_media":89531,"comment_status":"closed","ping_status":"closed","sticky":false,"template":"","format":"standard","meta":{"footnotes":""},"categories":[4],"tags":[],"class_list":["post-89530","post","type-post","status-publish","format-standard","has-post-thumbnail","hentry","category-noticias-del-dia"],"_links":{"self":[{"href":"https:\/\/bambapolitica.com.mx\/index.php\/wp-json\/wp\/v2\/posts\/89530","targetHints":{"allow":["GET"]}}],"collection":[{"href":"https:\/\/bambapolitica.com.mx\/index.php\/wp-json\/wp\/v2\/posts"}],"about":[{"href":"https:\/\/bambapolitica.com.mx\/index.php\/wp-json\/wp\/v2\/types\/post"}],"author":[{"embeddable":true,"href":"https:\/\/bambapolitica.com.mx\/index.php\/wp-json\/wp\/v2\/users\/8"}],"replies":[{"embeddable":true,"href":"https:\/\/bambapolitica.com.mx\/index.php\/wp-json\/wp\/v2\/comments?post=89530"}],"version-history":[{"count":1,"href":"https:\/\/bambapolitica.com.mx\/index.php\/wp-json\/wp\/v2\/posts\/89530\/revisions"}],"predecessor-version":[{"id":89532,"href":"https:\/\/bambapolitica.com.mx\/index.php\/wp-json\/wp\/v2\/posts\/89530\/revisions\/89532"}],"wp:featuredmedia":[{"embeddable":true,"href":"https:\/\/bambapolitica.com.mx\/index.php\/wp-json\/wp\/v2\/media\/89531"}],"wp:attachment":[{"href":"https:\/\/bambapolitica.com.mx\/index.php\/wp-json\/wp\/v2\/media?parent=89530"}],"wp:term":[{"taxonomy":"category","embeddable":true,"href":"https:\/\/bambapolitica.com.mx\/index.php\/wp-json\/wp\/v2\/categories?post=89530"},{"taxonomy":"post_tag","embeddable":true,"href":"https:\/\/bambapolitica.com.mx\/index.php\/wp-json\/wp\/v2\/tags?post=89530"}],"curies":[{"name":"wp","href":"https:\/\/api.w.org\/{rel}","templated":true}]}}