{"id":89533,"date":"2026-03-13T21:30:21","date_gmt":"2026-03-14T03:30:21","guid":{"rendered":"https:\/\/bambapolitica.com.mx\/?p=89533"},"modified":"2026-03-13T21:30:24","modified_gmt":"2026-03-14T03:30:24","slug":"colorida-cabalgata-en-visperas-de-la-inauguracion-de-la-feria-internacional-de-caballo-texcoco-2026","status":"publish","type":"post","link":"https:\/\/bambapolitica.com.mx\/index.php\/2026\/03\/13\/colorida-cabalgata-en-visperas-de-la-inauguracion-de-la-feria-internacional-de-caballo-texcoco-2026\/","title":{"rendered":"COLORIDA CABALGATA EN V\u00cdSPERAS DE LA INAUGURACI\u00d3N DE LA FERIA INTERNACIONAL DE CABALLO TEXCOCO 2026"},"content":{"rendered":"\n<p>*&nbsp;&nbsp;La Reina de la FICT 2026 Fernanda Primera. encabez\u00f3 esta cabalgata<\/p>\n\n\n\n<p>*&nbsp;&nbsp;El Presidente Municipal de Texcoco Nazario Guti\u00e9rrez Mart\u00ednez&nbsp;&nbsp;afirm\u00f3 que la FICT 2026 ser\u00e1 segura para toda la familia.<\/p>\n\n\n\n<p>M\u00fasica, alegr\u00eda, color y caballos, se presentaron en las v\u00edsperas de la inauguraci\u00f3n de la Feria Internacional del Caballo Texcoco (FICT) 2026, en las calles de este municipio en donde se realiz\u00f3 una cabalgata como muestra de lo que este a\u00f1o ser\u00e1 este importante evento cuya finalidad es unir a las familias en torno a la fiesta charra, las costumbres y tradiciones de los texcocanos y texcocanas de la regi\u00f3n.<\/p>\n\n\n\n<p>El desfile fue encabezado por la Reina de la FICT 2026 Fernanda Primera, quien dio muestras de su talento a caballo como parte de la escaramuza que la estuvo acompa\u00f1ando.<\/p>\n\n\n\n<p>El Presidente Municipal de Texcoco Nazario Guti\u00e9rrez Mart\u00ednez acompa\u00f1ado por la Presidenta del Sistema Municipal para el Desarrollo Integral de la Familia Yesenia Armas Tob\u00f3n, participaron en esta cabalgata, invitando a la ciudadan\u00eda a participar en la FICT 2026, que este a\u00f1o ha sido programada para ser disfrutada por toda la familia.<\/p>\n\n\n\n<p>Explic\u00f3 que la seguridad est\u00e1 garantizada con m\u00e1s de mil elementos de la polic\u00eda municipal, del Estado de M\u00e9xico, la Guardia Nacional y la Secretaria de la Defensa Nacional, as\u00ed como la seguridad interna de la FICT, para cuidar a los asistentes, no solo en las instalaciones, si no la carretera y zona aleda\u00f1as.<\/p>\n\n\n\n<p>Record\u00f3 que el a\u00f1o pasado hubo saldo blanco en la FICT y este a\u00f1o se espera que sea de la misma manera porque se ha trabajado de manera muy contundente en el sistema de seguridad para beneficio de los visitantes.<\/p>\n\n\n\n<p>Este a\u00f1o la cabalgata en v\u00edsperas de la FICT 2026, recorri\u00f3 la avenida Ju\u00e1rez Sur, con la participaci\u00f3n de escaramuzas, charros que dieron muestras de la vocaci\u00f3n y cari\u00f1o al caballo en la regi\u00f3n. Tambi\u00e9n participaron escuelas de danza y comparsas carnavaleras para difundir las costumbres y tradiciones del pueblo texcocano dando una muestra de lo que este a\u00f1o ser\u00e1 la Feria Internacional del Caballo Texcoco 2026.<\/p>\n\n\n\n<p><a href=\"https:\/\/www.instagram.com\/p\/DV1r9KajjMl\/?igsh=dTBvdzhveGdpdG02\">https:\/\/www.instagram.com\/p\/DV1r9KajjMl\/?igsh=dTBvdzhveGdpdG02<\/a><\/p>\n","protected":false},"excerpt":{"rendered":"<p>*&nbsp;&nbsp;La Reina de la FICT 2026 Fernanda Primera. encabez\u00f3 esta cabalgata *&nbsp;&nbsp;El Presidente Municipal de&#8230;<\/p>\n","protected":false},"author":8,"featured_media":89534,"comment_status":"closed","ping_status":"closed","sticky":false,"template":"","format":"standard","meta":{"footnotes":""},"categories":[4],"tags":[],"class_list":["post-89533","post","type-post","status-publish","format-standard","has-post-thumbnail","hentry","category-noticias-del-dia"],"_links":{"self":[{"href":"https:\/\/bambapolitica.com.mx\/index.php\/wp-json\/wp\/v2\/posts\/89533","targetHints":{"allow":["GET"]}}],"collection":[{"href":"https:\/\/bambapolitica.com.mx\/index.php\/wp-json\/wp\/v2\/posts"}],"about":[{"href":"https:\/\/bambapolitica.com.mx\/index.php\/wp-json\/wp\/v2\/types\/post"}],"author":[{"embeddable":true,"href":"https:\/\/bambapolitica.com.mx\/index.php\/wp-json\/wp\/v2\/users\/8"}],"replies":[{"embeddable":true,"href":"https:\/\/bambapolitica.com.mx\/index.php\/wp-json\/wp\/v2\/comments?post=89533"}],"version-history":[{"count":1,"href":"https:\/\/bambapolitica.com.mx\/index.php\/wp-json\/wp\/v2\/posts\/89533\/revisions"}],"predecessor-version":[{"id":89535,"href":"https:\/\/bambapolitica.com.mx\/index.php\/wp-json\/wp\/v2\/posts\/89533\/revisions\/89535"}],"wp:featuredmedia":[{"embeddable":true,"href":"https:\/\/bambapolitica.com.mx\/index.php\/wp-json\/wp\/v2\/media\/89534"}],"wp:attachment":[{"href":"https:\/\/bambapolitica.com.mx\/index.php\/wp-json\/wp\/v2\/media?parent=89533"}],"wp:term":[{"taxonomy":"category","embeddable":true,"href":"https:\/\/bambapolitica.com.mx\/index.php\/wp-json\/wp\/v2\/categories?post=89533"},{"taxonomy":"post_tag","embeddable":true,"href":"https:\/\/bambapolitica.com.mx\/index.php\/wp-json\/wp\/v2\/tags?post=89533"}],"curies":[{"name":"wp","href":"https:\/\/api.w.org\/{rel}","templated":true}]}}