{"id":89556,"date":"2026-03-15T20:28:24","date_gmt":"2026-03-16T02:28:24","guid":{"rendered":"https:\/\/bambapolitica.com.mx\/?p=89556"},"modified":"2026-03-15T20:28:28","modified_gmt":"2026-03-16T02:28:28","slug":"carteles-mexicanos-reclutan-mas-rapido-de-lo-que-pierden-miembros-matematico-revela-por-que-siguen-creciendo","status":"publish","type":"post","link":"https:\/\/bambapolitica.com.mx\/index.php\/2026\/03\/15\/carteles-mexicanos-reclutan-mas-rapido-de-lo-que-pierden-miembros-matematico-revela-por-que-siguen-creciendo\/","title":{"rendered":"C\u00e1rteles mexicanos reclutan m\u00e1s r\u00e1pido de lo que pierden miembros: matem\u00e1tico revela por qu\u00e9 siguen creciendo"},"content":{"rendered":"\n<p>Los c\u00e1rteles en M\u00e9xico ya sumar\u00edan m\u00e1s de 180 mil integrantes en 2025, seg\u00fan Rafael Prieto Curiel<\/p>\n\n\n\n<p>Las<strong>\u00a0organizaciones criminales\u00a0<\/strong>en M\u00e9xico\u00a0<strong>reclutan m\u00e1s integrantes de los que pierden por arrestos o muertes<\/strong>, lo que explica por qu\u00e9 siguen creciendo pese a los operativos del Estado. As\u00ed lo advierte\u00a0<strong>el matem\u00e1tico Rafael Prieto-Curiel<\/strong>, cuyo modelo para calcular el tama\u00f1o del crimen organizado fue retomado recientemente por la revista\u00a0<em>Nature<\/em><\/p>\n\n\n\n<p>shsbsEl investigador, actualmente en el Complexity Science Hub Vienna, calcula que los c\u00e1rteles en M\u00e9xico re\u00fanen\u00a0<strong>actualmente m\u00e1s de 180 mil<\/strong>, una cifra que incluso supera la plantilla laboral de la cadena Oxxo.<br><br>\u201cEl c\u00e1rtel est\u00e1 compensando y compensa m\u00e1s r\u00e1pido de lo que nosotros estamos haci\u00e9ndoles, digamos, da\u00f1o. Entonces, si bien hace diez a\u00f1os hab\u00eda 112 mil personas en un c\u00e1rtel, en 2023 est\u00e1bamos ya en 175 mil y ahorita estimamos 183 mil\u201d, explic\u00f3 en entrevista con Luis Chaparro para el programa\u00a0<em>Pie de Nota.<\/em><\/p>\n\n\n\n<p>De acuerdo con el an\u00e1lisis de&nbsp;<strong>Prieto Curiel<\/strong>, el n\u00famero de integrantes de los c\u00e1rteles aument\u00f3 de 115 mil en 2012 a cerca de 175 mil en 2022. Solo en 2021, los c\u00e1rteles reclutaron a 19,300 personas y perdieron a 12,200, ya sea por muertes o encarcelamientos.&nbsp;<\/p>\n\n\n\n<p>Para mantener su tama\u00f1o, los c\u00e1rteles deben incorporar entre<strong>&nbsp;350 y 370 personas cada semana,&nbsp;<\/strong>aclara.<\/p>\n\n\n\n<p><\/p>\n","protected":false},"excerpt":{"rendered":"<p>Los c\u00e1rteles en M\u00e9xico ya sumar\u00edan m\u00e1s de 180 mil integrantes en 2025, seg\u00fan Rafael&#8230;<\/p>\n","protected":false},"author":8,"featured_media":89557,"comment_status":"closed","ping_status":"closed","sticky":false,"template":"","format":"standard","meta":{"footnotes":""},"categories":[4],"tags":[],"class_list":["post-89556","post","type-post","status-publish","format-standard","has-post-thumbnail","hentry","category-noticias-del-dia"],"_links":{"self":[{"href":"https:\/\/bambapolitica.com.mx\/index.php\/wp-json\/wp\/v2\/posts\/89556","targetHints":{"allow":["GET"]}}],"collection":[{"href":"https:\/\/bambapolitica.com.mx\/index.php\/wp-json\/wp\/v2\/posts"}],"about":[{"href":"https:\/\/bambapolitica.com.mx\/index.php\/wp-json\/wp\/v2\/types\/post"}],"author":[{"embeddable":true,"href":"https:\/\/bambapolitica.com.mx\/index.php\/wp-json\/wp\/v2\/users\/8"}],"replies":[{"embeddable":true,"href":"https:\/\/bambapolitica.com.mx\/index.php\/wp-json\/wp\/v2\/comments?post=89556"}],"version-history":[{"count":1,"href":"https:\/\/bambapolitica.com.mx\/index.php\/wp-json\/wp\/v2\/posts\/89556\/revisions"}],"predecessor-version":[{"id":89558,"href":"https:\/\/bambapolitica.com.mx\/index.php\/wp-json\/wp\/v2\/posts\/89556\/revisions\/89558"}],"wp:featuredmedia":[{"embeddable":true,"href":"https:\/\/bambapolitica.com.mx\/index.php\/wp-json\/wp\/v2\/media\/89557"}],"wp:attachment":[{"href":"https:\/\/bambapolitica.com.mx\/index.php\/wp-json\/wp\/v2\/media?parent=89556"}],"wp:term":[{"taxonomy":"category","embeddable":true,"href":"https:\/\/bambapolitica.com.mx\/index.php\/wp-json\/wp\/v2\/categories?post=89556"},{"taxonomy":"post_tag","embeddable":true,"href":"https:\/\/bambapolitica.com.mx\/index.php\/wp-json\/wp\/v2\/tags?post=89556"}],"curies":[{"name":"wp","href":"https:\/\/api.w.org\/{rel}","templated":true}]}}