{"id":90604,"date":"2026-04-20T09:25:36","date_gmt":"2026-04-20T15:25:36","guid":{"rendered":"https:\/\/bambapolitica.com.mx\/?p=90604"},"modified":"2026-04-20T09:25:52","modified_gmt":"2026-04-20T15:25:52","slug":"renueva-gobierno-del-edomex-placas-de-transporte-publico-para-dar-certeza-juridica-a-concesionarios-y-mejorar-seguridad-de-los-usuarios","status":"publish","type":"post","link":"https:\/\/bambapolitica.com.mx\/index.php\/2026\/04\/20\/renueva-gobierno-del-edomex-placas-de-transporte-publico-para-dar-certeza-juridica-a-concesionarios-y-mejorar-seguridad-de-los-usuarios\/","title":{"rendered":"Renueva Gobierno del EdoM\u00e9x placas de transporte p\u00fablico para dar certeza jur\u00eddica a concesionarios y mejorar seguridad de los usuarios"},"content":{"rendered":"\n<pre class=\"wp-block-code\"><code>Las nuevas l\u00e1minas ya est\u00e1n disponibles en las ventanillas de la Secretar\u00eda de Movilidad de Tlalnepantla, Toluca y Nezahualc\u00f3yotl.<\/code><\/pre>\n\n\n\n<p>\u2022 Se asign\u00f3 un color o Pantone para cada una de las 12 regiones en que est\u00e1 dividida la entidad mexiquense.<\/p>\n\n\n\n<p>\u2022 Las nuevas placas no implican costo adicional y las actuales continuar\u00e1n vigentes, hasta que exista la necesidad de actualizarlas.<\/p>\n\n\n\n<p>TLALNEPANTLA, Estado de M\u00e9xico.\u2013 Con el fin de brindar mayor certeza jur\u00eddica a los concesionarios de transporte p\u00fablico y fortalecer la seguridad a las personas usuarias, el Gobierno de la Maestra Delfina G\u00f3mez \u00c1lvarez, renov\u00f3 la imagen institucional de las placas de dicho servicio en su modalidad de autob\u00fas y taxi, as\u00ed como el especializado, patrullas, ambulancias, entre otros.<\/p>\n\n\n\n<p>Adri\u00e1n Bola\u00f1os Le\u00f3n, Director General del Registro Estatal de Transporte de P\u00fablico de la Secretar\u00eda de Movilidad (Semov), aclar\u00f3 que las nuevas placas no tendr\u00e1n costo adicional para los concesionarios y permisionarios y que las actuales l\u00e1minas seguir\u00e1n vigentes, hasta que exista la necesidad de actualizarlas.<\/p>\n\n\n\n<p>Indic\u00f3 que las nuevas placas, la tarjeta de circulaci\u00f3n y engomado est\u00e1n disponibles desde el 10 de abril en las Ventanillas de Servicio P\u00fablico de Tlalnepantla, Toluca y Nezahualc\u00f3yotl.<\/p>\n\n\n\n<p>Explic\u00f3 que, para tener plena identificaci\u00f3n de las unidades de servicio de transporte p\u00fablico, la Secretar\u00eda de Movilidad dividi\u00f3 al Estado de M\u00e9xico en 12 regiones, que agrupan a todos los municipios de la entidad mexiquense, y a cada una se le asign\u00f3 un Pantone o color, espec\u00edfico.<\/p>\n\n\n\n<p>Dichas regiones son: I Atlacomulco, II Zumpango, III Ecatepec, IV Cuautitl\u00e1n, V Naucalpan, VI Toluca, VII Texcoco, VIII Valle de Bravo, IX Nezahualc\u00f3yotl, X Chalco, XI Ixtapan de la Sal y XII Tejupilco.<\/p>\n\n\n\n<p>Con este tipo de acciones, el Gobierno del Estado de M\u00e9xico, que encabeza la Gobernadora Delfina G\u00f3mez \u00c1lvarez, demuestra su compromiso social y mantiene firme su decisi\u00f3n de que la entidad cuente con un transporte p\u00fablico de calidad, digno, moderno y seguro.<\/p>\n","protected":false},"excerpt":{"rendered":"<p>\u2022 Se asign\u00f3 un color o Pantone para cada una de las 12 regiones en&#8230;<\/p>\n","protected":false},"author":3,"featured_media":90611,"comment_status":"closed","ping_status":"closed","sticky":false,"template":"","format":"standard","meta":{"footnotes":""},"categories":[4],"tags":[],"class_list":["post-90604","post","type-post","status-publish","format-standard","has-post-thumbnail","hentry","category-noticias-del-dia"],"_links":{"self":[{"href":"https:\/\/bambapolitica.com.mx\/index.php\/wp-json\/wp\/v2\/posts\/90604","targetHints":{"allow":["GET"]}}],"collection":[{"href":"https:\/\/bambapolitica.com.mx\/index.php\/wp-json\/wp\/v2\/posts"}],"about":[{"href":"https:\/\/bambapolitica.com.mx\/index.php\/wp-json\/wp\/v2\/types\/post"}],"author":[{"embeddable":true,"href":"https:\/\/bambapolitica.com.mx\/index.php\/wp-json\/wp\/v2\/users\/3"}],"replies":[{"embeddable":true,"href":"https:\/\/bambapolitica.com.mx\/index.php\/wp-json\/wp\/v2\/comments?post=90604"}],"version-history":[{"count":1,"href":"https:\/\/bambapolitica.com.mx\/index.php\/wp-json\/wp\/v2\/posts\/90604\/revisions"}],"predecessor-version":[{"id":90612,"href":"https:\/\/bambapolitica.com.mx\/index.php\/wp-json\/wp\/v2\/posts\/90604\/revisions\/90612"}],"wp:featuredmedia":[{"embeddable":true,"href":"https:\/\/bambapolitica.com.mx\/index.php\/wp-json\/wp\/v2\/media\/90611"}],"wp:attachment":[{"href":"https:\/\/bambapolitica.com.mx\/index.php\/wp-json\/wp\/v2\/media?parent=90604"}],"wp:term":[{"taxonomy":"category","embeddable":true,"href":"https:\/\/bambapolitica.com.mx\/index.php\/wp-json\/wp\/v2\/categories?post=90604"},{"taxonomy":"post_tag","embeddable":true,"href":"https:\/\/bambapolitica.com.mx\/index.php\/wp-json\/wp\/v2\/tags?post=90604"}],"curies":[{"name":"wp","href":"https:\/\/api.w.org\/{rel}","templated":true}]}}