{"id":90765,"date":"2026-04-23T00:49:46","date_gmt":"2026-04-23T06:49:46","guid":{"rendered":"https:\/\/bambapolitica.com.mx\/?p=90765"},"modified":"2026-04-23T00:49:57","modified_gmt":"2026-04-23T06:49:57","slug":"destacan-bajos-indices-delictivos-en-octava-sesion-ordinaria-del-consejo-municipal-de-seguridad-publica","status":"publish","type":"post","link":"https:\/\/bambapolitica.com.mx\/index.php\/2026\/04\/23\/destacan-bajos-indices-delictivos-en-octava-sesion-ordinaria-del-consejo-municipal-de-seguridad-publica\/","title":{"rendered":"DESTACAN BAJOS \u00cdNDICES DELICTIVOS EN OCTAVA SESI\u00d3N ORDINARIA DEL CONSEJO MUNICIPAL DE SEGURIDAD P\u00daBLICA"},"content":{"rendered":"\n<p> Gracias a la coordinaci\u00f3n de mandos dentro de la Estrategia Operativa Oriente se tuvo saldo blanco en la Feria del Caballo<\/p>\n\n\n\n<p>\u2022 De 30 reportes de personas ausentes, 28 fueron localizadas y retornadas a sus familias<\/p>\n\n\n\n<p>\u2022 Se contin\u00faa con el embellecimiento de Texcoco para mejorar la seguridad<\/p>\n\n\n\n<p>En el espacio museogr\u00e1fico de la f\u00e1brica de artes y oficio, el Gobierno Municipal de Texcoco realiz\u00f3 la Octava Sesi\u00f3n Ordinaria del Consejo Municipal de Seguridad, a la que asistieron autoridades auxiliares y las corporaciones policiales establecidas en la zona.<\/p>\n\n\n\n<p>En la Octava Sesi\u00f3n Ordinaria del Consejo Municipal de Seguridad destac\u00f3 el trabajo coordinado que se realiza dentro dentro de la Estrategia Operativa Zona Oriente, que permite el trabajo conjunto de la Direcci\u00f3n de Seguridad P\u00fablica y Movilidad, la Secretar\u00eda de Seguridad del Estado de M\u00e9xico (SSEM), la Guardia Nacional (GN), la Fiscal\u00eca General de Justicia del Estado de M\u00e9xico (FGJEM) y la Secretaria de la Defensa Nacional (SEDENA), As\u00ed como polic\u00edas de los municipios vecinos.<\/p>\n\n\n\n<p>El Director de Protecci\u00f3n Civil, Gesti\u00f3n Integral de Riesgos y Atenci\u00f3n M\u00e9dica Prehospitalaria Jes\u00fas Emilio Duarte Olivares, destac\u00f3 que al concluir la Feria del Caballo Texcoco 2026, se registr\u00f3 saldo blanco.<\/p>\n\n\n\n<p>De manera relevante la Direcci\u00f3n de Seguridad P\u00fablica y Movilidad inform\u00f3 que la incidencia delictiva en Texcoco sigue a la baja, destacando los trabajos coordinados que suman un total de 1092 operativos, que derivaron en 150 delitos, 232 personas puestas a disposici\u00f3n entre los meses de febrero y marzo.<\/p>\n\n\n\n<p>En materia de localizaci\u00f3n de personas ausentes, la c\u00e9lula de b\u00fasqueda de la Direcci\u00f3n de Seguridad P\u00fablica y Movilidad, inform\u00f3 que se recibieron 30 reportes en esta \u00e1reas, de las que fueron localizadas 28 personas, 12 femeninas y 18 masculinos, y de las solo 19 contaban con boletines de b\u00fasqueda y 13 estuvieron relacionadas con denuncias ante la FGJEM.<\/p>\n\n\n\n<p>En su turno Alfredo Torres, representante del Secretariado Ejecutivo del Sistema Estatal de Seguridad P\u00fablica, reconoci\u00f3 los avances en los ex\u00e1menes de Control y Confianza, as\u00ed como en reportes y evaluaciones de la Direcci\u00f3n de Seguridad P\u00fablica y Movilidad, as\u00ed como las cifras a la baja de la incidencia delictiva en Texcoco.<\/p>\n\n\n\n<p>Vecinos de Texcoco y representantes de los comit\u00e9s vecinales reconocieron el trabajo que se est\u00e1 haciendo en iluminar algunas \u00e1reas y pideron se extienda a zonas m\u00e1s oscuras a donde han migrado algunas personas que consumen alg\u00fan estupefaciente, en donde solicitaron mayor vigilancia y la instalaci\u00f3n de c\u00e1maras que permita el monitoreo constante de la zona.<\/p>\n\n\n\n<p>El Presidente Municipal de Texcoco Nazario Guti\u00e9rrez Mart\u00ednez anunci\u00f3 que se continuar\u00e1 con el tema del embellecimiento, con un avance considerable, a\u00f1adiendo que se trabajar\u00e1 con un programa de orden vial que involucre tanto al transporte p\u00fablico como al particular y a las motocicletas, \u201cya que prefieren pagar la multa que ponerse el casco o viajar solo dos personas y. no exponer a menores\u201d, dijo el alcalde.<\/p>\n\n\n\n<p>\u201cTodos los resultados que hemos entregado son porque hay una muy buena coordinaci\u00f3n\u2026 Somos uno de los municipios que gracias a la coordinaci\u00f3n mantenemos bajas las cifras de incidencia delictiva\u201d, afirm\u00f3.<\/p>\n\n\n\n<p>Destac\u00f3 que esta coordinaci\u00f3n permiti\u00f3 tener saldo blanco en la feria del Caballo, en donde se report\u00f3 que ning\u00fan carro fue robado, por lo que agradeci\u00f3 a todos los mandos responsables de esta coordinaci\u00f3n.<\/p>\n","protected":false},"excerpt":{"rendered":"<p>Gracias a la coordinaci\u00f3n de mandos dentro de la Estrategia Operativa Oriente se tuvo saldo&#8230;<\/p>\n","protected":false},"author":8,"featured_media":90766,"comment_status":"closed","ping_status":"closed","sticky":false,"template":"","format":"standard","meta":{"footnotes":""},"categories":[4],"tags":[],"class_list":["post-90765","post","type-post","status-publish","format-standard","has-post-thumbnail","hentry","category-noticias-del-dia"],"_links":{"self":[{"href":"https:\/\/bambapolitica.com.mx\/index.php\/wp-json\/wp\/v2\/posts\/90765","targetHints":{"allow":["GET"]}}],"collection":[{"href":"https:\/\/bambapolitica.com.mx\/index.php\/wp-json\/wp\/v2\/posts"}],"about":[{"href":"https:\/\/bambapolitica.com.mx\/index.php\/wp-json\/wp\/v2\/types\/post"}],"author":[{"embeddable":true,"href":"https:\/\/bambapolitica.com.mx\/index.php\/wp-json\/wp\/v2\/users\/8"}],"replies":[{"embeddable":true,"href":"https:\/\/bambapolitica.com.mx\/index.php\/wp-json\/wp\/v2\/comments?post=90765"}],"version-history":[{"count":1,"href":"https:\/\/bambapolitica.com.mx\/index.php\/wp-json\/wp\/v2\/posts\/90765\/revisions"}],"predecessor-version":[{"id":90767,"href":"https:\/\/bambapolitica.com.mx\/index.php\/wp-json\/wp\/v2\/posts\/90765\/revisions\/90767"}],"wp:featuredmedia":[{"embeddable":true,"href":"https:\/\/bambapolitica.com.mx\/index.php\/wp-json\/wp\/v2\/media\/90766"}],"wp:attachment":[{"href":"https:\/\/bambapolitica.com.mx\/index.php\/wp-json\/wp\/v2\/media?parent=90765"}],"wp:term":[{"taxonomy":"category","embeddable":true,"href":"https:\/\/bambapolitica.com.mx\/index.php\/wp-json\/wp\/v2\/categories?post=90765"},{"taxonomy":"post_tag","embeddable":true,"href":"https:\/\/bambapolitica.com.mx\/index.php\/wp-json\/wp\/v2\/tags?post=90765"}],"curies":[{"name":"wp","href":"https:\/\/api.w.org\/{rel}","templated":true}]}}