{"id":90776,"date":"2026-04-23T06:45:06","date_gmt":"2026-04-23T12:45:06","guid":{"rendered":"https:\/\/bambapolitica.com.mx\/?p=90776"},"modified":"2026-04-23T06:45:12","modified_gmt":"2026-04-23T12:45:12","slug":"la-gobernadora-delfina-gomez-inicia-entrega-de-obras-en-periferico-norte-mejorara-movilidad-para-15-millones-de-usuarios","status":"publish","type":"post","link":"https:\/\/bambapolitica.com.mx\/index.php\/2026\/04\/23\/la-gobernadora-delfina-gomez-inicia-entrega-de-obras-en-periferico-norte-mejorara-movilidad-para-15-millones-de-usuarios\/","title":{"rendered":"La Gobernadora Delfina G\u00f3mez inicia entrega de obras en Perif\u00e9rico Norte; mejorar\u00e1 movilidad para 15 millones de usuarios"},"content":{"rendered":"\n<p>En este \u20192026, A\u00f1o de las Obras en EdoM\u00e9x\u2019, inaugura 3.2 kil\u00f3metros de la lateral Perif\u00e9rico Norte desde Viveros a <\/p>\n\n\n\n<p>hdhdjBaden Powel realizada por el Ayuntamiento de Naucalpan<\/p>\n\n\n\n<p>Gobiernos municipales se suman para mejorar la imagen urbana de esta v\u00eda con iluminaci\u00f3n, rehabilitaci\u00f3n de banquetas y mantenimiento de \u00e1reas verdes.<\/p>\n\n\n\n<p>La Gobernadora Delfina G\u00f3mez \u00c1lvarez inaugur\u00f3 la reconstrucci\u00f3n de 3.2 kil\u00f3metros de la lateral Perif\u00e9rico Norte desde Viveros a Baden Powel, obra realizada con una inversi\u00f3n de 115 millones de pesos por parte del Ayuntamiento de Naucalpan, la cual se suma a la repavimentaci\u00f3n de los 108 kil\u00f3metros que van desde Naucalpan a Tepotzotl\u00e1n.<\/p>\n\n\n\n<p>\u2019Esta obra surge del trabajo coordinado, del manejo adecuado de los recursos, de algo que \u00e9l ten\u00eda programado, producto de un diagn\u00f3stico; porque lo que hemos recomendado a nuestros presidentes municipales y al mismo Gobierno estatal, es que se hagan obras que incidan directamente a la poblaci\u00f3n\u2019, indic\u00f3 la Gobernadora Delfina G\u00f3mez \u00c1lvarez.<\/p>\n\n\n\n<p>La Mandataria estatal reconoci\u00f3 a las autoridades municipales que se sumaron al proyecto de intervenir el Perif\u00e9rico Norte, que por d\u00e9cadas careci\u00f3 de mantenimiento. Destac\u00f3 que producto del trabajo coordinado los municipios de Naucalpan, Tlalnepantla, Cuautitl\u00e1n Izcalli, Cuautitl\u00e1n y Tepotzotl\u00e1n ser\u00e1n los encargados de las obras complementarias como iluminaci\u00f3n, rehabilitaci\u00f3n de banquetas y mantenimiento de \u00e1reas verdes.<\/p>\n\n\n\n<p>\u2019Ellos se suman a este esfuerzo y s\u00e9 que en materia financiera hacen un gran esfuerzo, por eso muchas gracias\u2019, se\u00f1al\u00f3 la Gobernadora Delfina G\u00f3mez.<\/p>\n\n\n\n<p>La reconstrucci\u00f3n del Perif\u00e9rico Norte forma parte de la estrategia \u20192026, A\u00f1o de las Obras en EdoM\u00e9x\u2019, impulsada por la Gobernadora Delfina G\u00f3mez \u00c1lvarez, y beneficiar\u00e1 a 15 millones de usuarios de esta importante v\u00eda que conecta con la Ciudad de M\u00e9xico.<\/p>\n\n\n\n<p>En el evento estuvieron Juan Hugo de la Rosa Garc\u00eda, Secretario de Movilidad; Joel Gonz\u00e1lez Toral, Director General de la Junta de Caminos; Isaac Montoya M\u00e1rquez, Presidente Municipal de Naucalpan; Raciel P\u00e9rez Cruz, Presidente Municipal de Tlalnepantla, y alcaldes y alcaldesas de Cuautitl\u00e1n Izcalli, Tepotzotl\u00e1n, Atizap\u00e1n de Zaragoza y Tultitl\u00e1n, as\u00ed como vecinas y vecinos.<\/p>\n","protected":false},"excerpt":{"rendered":"<p>En este \u20192026, A\u00f1o de las Obras en EdoM\u00e9x\u2019, inaugura 3.2 kil\u00f3metros de la lateral&#8230;<\/p>\n","protected":false},"author":8,"featured_media":90777,"comment_status":"closed","ping_status":"closed","sticky":false,"template":"","format":"standard","meta":{"footnotes":""},"categories":[4],"tags":[],"class_list":["post-90776","post","type-post","status-publish","format-standard","has-post-thumbnail","hentry","category-noticias-del-dia"],"_links":{"self":[{"href":"https:\/\/bambapolitica.com.mx\/index.php\/wp-json\/wp\/v2\/posts\/90776","targetHints":{"allow":["GET"]}}],"collection":[{"href":"https:\/\/bambapolitica.com.mx\/index.php\/wp-json\/wp\/v2\/posts"}],"about":[{"href":"https:\/\/bambapolitica.com.mx\/index.php\/wp-json\/wp\/v2\/types\/post"}],"author":[{"embeddable":true,"href":"https:\/\/bambapolitica.com.mx\/index.php\/wp-json\/wp\/v2\/users\/8"}],"replies":[{"embeddable":true,"href":"https:\/\/bambapolitica.com.mx\/index.php\/wp-json\/wp\/v2\/comments?post=90776"}],"version-history":[{"count":1,"href":"https:\/\/bambapolitica.com.mx\/index.php\/wp-json\/wp\/v2\/posts\/90776\/revisions"}],"predecessor-version":[{"id":90778,"href":"https:\/\/bambapolitica.com.mx\/index.php\/wp-json\/wp\/v2\/posts\/90776\/revisions\/90778"}],"wp:featuredmedia":[{"embeddable":true,"href":"https:\/\/bambapolitica.com.mx\/index.php\/wp-json\/wp\/v2\/media\/90777"}],"wp:attachment":[{"href":"https:\/\/bambapolitica.com.mx\/index.php\/wp-json\/wp\/v2\/media?parent=90776"}],"wp:term":[{"taxonomy":"category","embeddable":true,"href":"https:\/\/bambapolitica.com.mx\/index.php\/wp-json\/wp\/v2\/categories?post=90776"},{"taxonomy":"post_tag","embeddable":true,"href":"https:\/\/bambapolitica.com.mx\/index.php\/wp-json\/wp\/v2\/tags?post=90776"}],"curies":[{"name":"wp","href":"https:\/\/api.w.org\/{rel}","templated":true}]}}