{"id":90814,"date":"2026-04-24T05:54:51","date_gmt":"2026-04-24T11:54:51","guid":{"rendered":"https:\/\/bambapolitica.com.mx\/?p=90814"},"modified":"2026-04-24T05:55:12","modified_gmt":"2026-04-24T11:55:12","slug":"pensionados-del-issemym-enfrentan-ruptura-y-disputa-legal","status":"publish","type":"post","link":"https:\/\/bambapolitica.com.mx\/index.php\/2026\/04\/24\/pensionados-del-issemym-enfrentan-ruptura-y-disputa-legal\/","title":{"rendered":"Pensionados del ISSEMyM enfrentan ruptura y disputa legal"},"content":{"rendered":"\n<p>La disputa interna en la Uni\u00f3n de Pensionados y Pensionistas del ISSEMyM se intensific\u00f3 tras la creaci\u00f3n de una asociaci\u00f3n alterna. La dirigencia encabezada por Everardo L\u00f3pez P\u00e9rez desconoce a nuevos representantes y advierte posibles acciones legales por presunta usurpaci\u00f3n de funciones.<\/p>\n\n\n\n<p>El conflicto interno en la&nbsp;<strong>Uni\u00f3n de Pensionados y Pensionistas del ISSEMyM&nbsp;<\/strong>se mantiene activo y podr\u00eda escalar en los pr\u00f3ximos d\u00edas a una nueva&nbsp;<strong>disputa legal<\/strong>, tras la conformaci\u00f3n de una asociaci\u00f3n alterna encabezada por Pablo Col\u00edn T\u00e9llez.<\/p>\n\n\n\n<p>La fractura surgi\u00f3 luego de que Col\u00edn T\u00e9llez, quien se desempe\u00f1aba como secretario general de la UPPIAC, rompiera con el actual presidente, Everardo L\u00f3pez P\u00e9rez, y decidiera separarse para impulsar una nueva organizaci\u00f3n.<\/p>\n\n\n\n<h3 class=\"wp-block-heading\">Ruptura interna detona disputa<\/h3>\n\n\n\n<p>La divisi\u00f3n ha generado tensiones en los \u00faltimos d\u00edas, particularmente por los<strong>\u00a0tr\u00e1mites administrativos<\/strong>\u00a0que la nueva agrupaci\u00f3n ha comenzado a realizar, lo que deriv\u00f3 en se\u00f1alamientos y advertencias por parte de la dirigencia vigente.<\/p>\n\n\n\n<p>En respuesta, la<strong>&nbsp;Uni\u00f3n de Pensionados y Pensionistas del ISSEMyM<\/strong>, encabezada por Everardo L\u00f3pez P\u00e9rez, alert\u00f3 sobre la circulaci\u00f3n de documentos y mensajes en los que \u2014asegura\u2014 una persona sin facultades legales se presenta como presidente de la organizaci\u00f3n.<\/p>\n\n\n\n<h3 class=\"wp-block-heading\">Desconocen representaci\u00f3n y advierten ilegalidades<\/h3>\n\n\n\n<p>A trav\u00e9s de un posicionamiento oficial, la asociaci\u00f3n indic\u00f3 que dicha persona carece de representaci\u00f3n jur\u00eddica y de un nombramiento v\u00e1lido.<\/p>\n\n\n\n<p>\u201cSe informa de manera categ\u00f3rica que dicha persona no cuenta con representaci\u00f3n legal, nombramiento vigente hecho por asamblea mayoritaria, ni facultades para actuar a nombre de esta asociaci\u00f3n, por lo que cualquier acto o gesti\u00f3n carece de validez jur\u00eddica\u201d, se\u00f1ala el documento.<\/p>\n\n\n\n<p>Advirtieron que estas acciones podr\u00edan constituir delitos previstos en el C\u00f3digo Penal del Estado de M\u00e9xico, como usurpaci\u00f3n de funciones y falsificaci\u00f3n o uso indebido de documentos<\/p>\n\n\n\n<p>Asimismo, advirtieron que estas acciones podr\u00edan constituir delitos previstos en el&nbsp;<strong>C\u00f3digo Penal del Estado de M\u00e9xico<\/strong>, como usurpaci\u00f3n de funciones y falsificaci\u00f3n o uso indebido de documentos.<\/p>\n\n\n\n<h3 class=\"wp-block-heading\">Llamado a no difundir informaci\u00f3n no oficial<\/h3>\n\n\n\n<p>Ante este escenario, la dirigencia estatal exhort\u00f3 a los agremiados a no atender ni difundir informaci\u00f3n proveniente de personas no autorizadas.<\/p>\n\n\n\n<p>Tambi\u00e9n recomend\u00f3 no proporcionar datos personales ni documentos oficiales a terceros y verificar cualquier comunicaci\u00f3n \u00fanicamente a trav\u00e9s de los canales institucionales de la organizaci\u00f3n.<\/p>\n\n\n\n<h3 class=\"wp-block-heading\">Posible ruta legal<\/h3>\n\n\n\n<p>Finalmente, la directiva encabezada por L\u00f3pez P\u00e9rez inform\u00f3 que se reserva el derecho de emprender las acciones legales correspondientes frente a estos hechos, lo que anticipa un nuevo episodio en la disputa interna de la organizaci\u00f3n.<\/p>\n","protected":false},"excerpt":{"rendered":"<p>La disputa interna en la Uni\u00f3n de Pensionados y Pensionistas del ISSEMyM se intensific\u00f3 tras&#8230;<\/p>\n","protected":false},"author":8,"featured_media":90815,"comment_status":"closed","ping_status":"closed","sticky":false,"template":"","format":"standard","meta":{"footnotes":""},"categories":[4],"tags":[],"class_list":["post-90814","post","type-post","status-publish","format-standard","has-post-thumbnail","hentry","category-noticias-del-dia"],"_links":{"self":[{"href":"https:\/\/bambapolitica.com.mx\/index.php\/wp-json\/wp\/v2\/posts\/90814","targetHints":{"allow":["GET"]}}],"collection":[{"href":"https:\/\/bambapolitica.com.mx\/index.php\/wp-json\/wp\/v2\/posts"}],"about":[{"href":"https:\/\/bambapolitica.com.mx\/index.php\/wp-json\/wp\/v2\/types\/post"}],"author":[{"embeddable":true,"href":"https:\/\/bambapolitica.com.mx\/index.php\/wp-json\/wp\/v2\/users\/8"}],"replies":[{"embeddable":true,"href":"https:\/\/bambapolitica.com.mx\/index.php\/wp-json\/wp\/v2\/comments?post=90814"}],"version-history":[{"count":1,"href":"https:\/\/bambapolitica.com.mx\/index.php\/wp-json\/wp\/v2\/posts\/90814\/revisions"}],"predecessor-version":[{"id":90816,"href":"https:\/\/bambapolitica.com.mx\/index.php\/wp-json\/wp\/v2\/posts\/90814\/revisions\/90816"}],"wp:featuredmedia":[{"embeddable":true,"href":"https:\/\/bambapolitica.com.mx\/index.php\/wp-json\/wp\/v2\/media\/90815"}],"wp:attachment":[{"href":"https:\/\/bambapolitica.com.mx\/index.php\/wp-json\/wp\/v2\/media?parent=90814"}],"wp:term":[{"taxonomy":"category","embeddable":true,"href":"https:\/\/bambapolitica.com.mx\/index.php\/wp-json\/wp\/v2\/categories?post=90814"},{"taxonomy":"post_tag","embeddable":true,"href":"https:\/\/bambapolitica.com.mx\/index.php\/wp-json\/wp\/v2\/tags?post=90814"}],"curies":[{"name":"wp","href":"https:\/\/api.w.org\/{rel}","templated":true}]}}