{"id":90831,"date":"2026-04-27T06:57:05","date_gmt":"2026-04-27T12:57:05","guid":{"rendered":"https:\/\/bambapolitica.com.mx\/?p=90831"},"modified":"2026-04-27T06:57:11","modified_gmt":"2026-04-27T12:57:11","slug":"realizan-autoridades-5to-festival-cultural-y-gastronomico-xochimanca-texcoco","status":"publish","type":"post","link":"https:\/\/bambapolitica.com.mx\/index.php\/2026\/04\/27\/realizan-autoridades-5to-festival-cultural-y-gastronomico-xochimanca-texcoco\/","title":{"rendered":"Realizan autoridades 5to Festival Cultural y Gastron\u00f3mico Xochimanca Texcoco"},"content":{"rendered":"\n<p>Nazario Guti\u00e9rrez convoc\u00f3 a no perder nuestras ra\u00edces ancestrales y prehisp\u00e1nicas<\/p>\n\n\n\n<p>Con la finalidad de continuar recordando al tlatoani Nezahualc\u00f3yotl, quien en su tiempo transform\u00f3 Texcoco en un centro cultural, fue cient\u00edfico, impuls\u00f3 leyes justas, realiz\u00f3 la construcci\u00f3n de infraestructuras hidr\u00e1ulicas avanzadas, tambi\u00e9n prol\u00edfico poeta filos\u00f3fico, sostuvo el alcalde Nazario Guti\u00e9rrez Mart\u00ednez, quien fue recibido por ejidales, auxiliares y vecinos de San Dieguito, d\u00e1ndole la bienvenida a este quinto \u2019Festival Cultural y Gastron\u00f3mico Xochimanca\u2019 poblaci\u00f3n Texcocana.<\/p>\n\n\n\n<p>Respectivamente, el organizador Mtro. Chef Marco Antonio Cer\u00f3n Hern\u00e1ndez realiz\u00f3 la presentaci\u00f3n de las autoridades, al Presidente Municipal de Texcoco, Lic. Nazario Guti\u00e9rrez Mart\u00ednez y su comitiva, del n\u00facleo agrario y Delegados de Xochimanca, adem\u00e1s al Magistrado Mtro. Pablo Espinosa; representante de los Pueblos Originarios Alejandra Ayala, el periodistas de Divergencias, quienes todos ellos, participaron en la ceremonia prehisp\u00e1nica.<\/p>\n\n\n\n<p>En su momento, se presentaron interesantes ponencias por distinguido ingenieros de Chapingo, con la asistencia de alumnos de ingenier\u00eda. El Dr. Luis Gerardo Esparza Hern\u00e1ndez, actual Director del Departamento de Sociolog\u00eda Rural de la Universidad Aut\u00f3noma Chapingo (UACh) para el periodo 2024-2027, present\u00f3 magna ponencia en el 5to Festival Cultural y Gastron\u00f3mico Xochimanca Texcoco.<\/p>\n\n\n\n<p>Asimismo, el alcalde Texcocano \u2019Amigo del Pueblos\u2019 asever\u00f3 que: Nezahualc\u00f3yotl fue se\u00f1or de Texcoco durante 40 a\u00f1os. Se destac\u00f3 como gobernante por su aguda inteligencia, su pasi\u00f3n por el estudio del hombre y la naturaleza y por su compromiso con la cultura y la poes\u00eda, a tal punto que logr\u00f3 convertir su ciudad en el foco cultural m\u00e1s importante del M\u00e9xico antiguo.<\/p>\n\n\n\n<p>Adem\u00e1s, el nombre de Nezahualc\u00f3yotl es de origen n\u00e1huatl y est\u00e1 compuesto por los vocablos \u00abne\u00bb, \u00abzahualli\u00bb y \u00abcoyotl\u00bb. El primero es un pronombre que hace referencia a la primera persona, el segundo se traduce como ayuno y coyotl se traduce como coyote. En conjunto, el nombre significa \u00abcoyote en ayuno, coment\u00f3.<\/p>\n\n\n\n<p>Tras recorrido por las diferentes \u00e1reas, en compa\u00f1\u00eda del afamado Chef Cer\u00f3n Hern\u00e1ndez, dijo el edil de Texcoco: Hoy vivimos el Festival Cultural y Gastron\u00f3mico Xochimanca, una celebraci\u00f3n que reuni\u00f3 lo mejor de nuestras tradiciones, cultura y riqueza culinaria. Entre colores, sabores y expresiones art\u00edsticas, este festival nos permiti\u00f3 convivir, fortalecer nuestras ra\u00edces y sentir el orgullo de lo que somos como comunidad.<\/p>\n\n\n\n<p>Despu\u00e9s de degustar, diversidad de platillos de la regi\u00f3n, como tamales de aceituna, alubias al vapor, tacos de conejo, agua de pi\u00f1a con chia, fruta en alm\u00edbar, entre otros, capulines, tlacoyos con suculentas salsas\u2026Ma\u00f1ana tarde que vali\u00f3 la pena, pues Guti\u00e9rrez Mart\u00ednez dialog\u00f3 con las personas que se le acercaron y otras muy conocidas de la Monta\u00f1a de Texcoco.<\/p>\n\n\n\n<p>Entre los turistas que llegaron al lugar, destac\u00f3: Sigamos impulsando espacios que preservan nuestra identidad y nos unen como pueblo.<\/p>\n","protected":false},"excerpt":{"rendered":"<p>Nazario Guti\u00e9rrez convoc\u00f3 a no perder nuestras ra\u00edces ancestrales y prehisp\u00e1nicas Con la finalidad de&#8230;<\/p>\n","protected":false},"author":8,"featured_media":90832,"comment_status":"closed","ping_status":"closed","sticky":false,"template":"","format":"standard","meta":{"footnotes":""},"categories":[4],"tags":[],"class_list":["post-90831","post","type-post","status-publish","format-standard","has-post-thumbnail","hentry","category-noticias-del-dia"],"_links":{"self":[{"href":"https:\/\/bambapolitica.com.mx\/index.php\/wp-json\/wp\/v2\/posts\/90831","targetHints":{"allow":["GET"]}}],"collection":[{"href":"https:\/\/bambapolitica.com.mx\/index.php\/wp-json\/wp\/v2\/posts"}],"about":[{"href":"https:\/\/bambapolitica.com.mx\/index.php\/wp-json\/wp\/v2\/types\/post"}],"author":[{"embeddable":true,"href":"https:\/\/bambapolitica.com.mx\/index.php\/wp-json\/wp\/v2\/users\/8"}],"replies":[{"embeddable":true,"href":"https:\/\/bambapolitica.com.mx\/index.php\/wp-json\/wp\/v2\/comments?post=90831"}],"version-history":[{"count":1,"href":"https:\/\/bambapolitica.com.mx\/index.php\/wp-json\/wp\/v2\/posts\/90831\/revisions"}],"predecessor-version":[{"id":90833,"href":"https:\/\/bambapolitica.com.mx\/index.php\/wp-json\/wp\/v2\/posts\/90831\/revisions\/90833"}],"wp:featuredmedia":[{"embeddable":true,"href":"https:\/\/bambapolitica.com.mx\/index.php\/wp-json\/wp\/v2\/media\/90832"}],"wp:attachment":[{"href":"https:\/\/bambapolitica.com.mx\/index.php\/wp-json\/wp\/v2\/media?parent=90831"}],"wp:term":[{"taxonomy":"category","embeddable":true,"href":"https:\/\/bambapolitica.com.mx\/index.php\/wp-json\/wp\/v2\/categories?post=90831"},{"taxonomy":"post_tag","embeddable":true,"href":"https:\/\/bambapolitica.com.mx\/index.php\/wp-json\/wp\/v2\/tags?post=90831"}],"curies":[{"name":"wp","href":"https:\/\/api.w.org\/{rel}","templated":true}]}}