{"id":90840,"date":"2026-04-27T07:10:43","date_gmt":"2026-04-27T13:10:43","guid":{"rendered":"https:\/\/bambapolitica.com.mx\/?p=90840"},"modified":"2026-04-27T07:10:48","modified_gmt":"2026-04-27T13:10:48","slug":"detienen-a-jorge-armando-n-alcalde-de-tlalnepantla-morelos-es-senalado-por-abuso-sexual-a-menor-de-edad","status":"publish","type":"post","link":"https:\/\/bambapolitica.com.mx\/index.php\/2026\/04\/27\/detienen-a-jorge-armando-n-alcalde-de-tlalnepantla-morelos-es-senalado-por-abuso-sexual-a-menor-de-edad\/","title":{"rendered":"Detienen a Jorge Armando \u2018N\u2019, alcalde de Tlalnepantla, Morelos: Es se\u00f1alado por abuso sexual a menor de edad"},"content":{"rendered":"\n<p>Mientras su gobierno promov\u00eda la erradicaci\u00f3n de la violencia de g\u00e9nero, Jorge Armando \u2018N\u2019 fue detenido por presuntamente abusar de una menor de edad.<\/p>\n\n\n\n<p>La&nbsp;<a href=\"https:\/\/www.elfinanciero.com.mx\/estados\/2026\/04\/06\/denuncian-a-fiscal-anticorrupcion-de-morelos-por-corrupcion-cobraba-moches-a-victimas\/\" target=\"_blank\" rel=\"noreferrer noopener\">Fiscal\u00eda General del Estado de Morelos (FGE)<\/a>&nbsp;confirm\u00f3 la detenci\u00f3n de Jorge Armando Genaro Rubio, actual presidente municipal de Tlalnepantla. La captura del edil ocurre en un clima de creciente tensi\u00f3n social y&nbsp;<strong>una crisis de seguridad<\/strong>&nbsp;que azota a la regi\u00f3n oriente de la entidad.<\/p>\n\n\n\n<p>De acuerdo con la ficha oficial del Registro Nacional de Detenciones, la aprehensi\u00f3n fue ejecutada por elementos de investigaci\u00f3n alrededor de las 22:00 horas del s\u00e1bado 25 de abril. El operativo se llev\u00f3 a cabo&nbsp;<strong>sobre la carretera Yautepec-Tlayacapan<\/strong>, una de las v\u00edas principales que conecta la zona de los altos de Morelos con el resto del estado.<\/p>\n\n\n\n<p>Tras su captura, la fiscal\u00eda emiti\u00f3 un breve posicionamiento donde inform\u00f3 que Jorge Armando \u2018N\u2019 fue remitido de inmediato a las instalaciones del&nbsp;<strong>Ministerio P\u00fablico de la Fiscal\u00eda de la Regi\u00f3n Oriente<\/strong>, con sede en Cuautla.<\/p>\n\n\n\n<p>Aunque la dependencia estatal ha mantenido hermetismo sobre los cargos espec\u00edficos en el comunicado oficial, se\u00f1alando \u00fanicamente que en las pr\u00f3ximas horas\u00a0<strong>se determinar\u00e1 su situaci\u00f3n jur\u00eddica<\/strong>, fuentes cercanas al caso y diversas publicaciones locales en redes sociales coinciden en un se\u00f1alamiento grave: el alcalde es investigado por<\/p>\n\n\n\n<p>jdjd\u00a0<a href=\"https:\/\/www.elfinanciero.com.mx\/estados\/2026\/03\/29\/detienen-en-morelos-a-eva-zuleyma-n-esta-acusada-de-abuso-sexual-contra-dos-ninos\/\" target=\"_blank\" rel=\"noreferrer noopener\">delitos sexuales en agravio de una menor de edad<\/a>.<\/p>\n\n\n\n<p>Se espera que en la audiencia inicial se revelen las pruebas recabadas por los agentes ministeriales para que un juez de control determine si existen elementos suficientes para vincularlo a proceso y&nbsp;<strong>si se dictar\u00e1 la medida cautelar de prisi\u00f3n preventiva<\/strong>.<\/p>\n\n\n\n<p>Jorge Armando Genaro Rubio asumi\u00f3 la presidencia municipal de Tlalnepantla el 1 de enero del a\u00f1o pasado. Su ascenso al poder fue notable tras ganar las elecciones de 2024 bajo las siglas del\u00a0<strong>Partido Encuentro Solidario (PES)<\/strong>; sin embargo, poco despu\u00e9s de tomar posesi\u00f3n anunci\u00f3 su incorporaci\u00f3n a las filas de Morena.<\/p>\n\n\n\n<p>Su detenci\u00f3n ocurre en un contexto donde su administraci\u00f3n intentaba proyectar una imagen de protecci\u00f3n a los derechos de las mujeres. Apenas unos d\u00edas antes de su captura, las cuentas oficiales del Gobierno de Tlalnepantla en Facebook destacaban&nbsp;<strong>publicaciones conmemorativas del \u201cD\u00eda Naranja\u201d<\/strong>, promoviendo la erradicaci\u00f3n de la violencia de g\u00e9nero.<\/p>\n\n\n\n<p>Durante su campa\u00f1a, su lema principal fue la honestidad pragm\u00e1tica: \u201cEs mejor\u00a0<strong>no prometer que prometer y no cumplir<\/strong>\u201d, reafirmando constantemente que la transparencia ser\u00eda el eje rector de su gesti\u00f3n. Hoy, esos pilares se ven cuestionados ante la gravedad de las acusaciones que enfrenta.<\/p>\n\n\n\n<p>La gesti\u00f3n de Jorge Armando \u2018N\u2019 comenz\u00f3 con dificultades administrativas. Al arranque de 2025, las oficinas municipales fueron entregadas con retraso por la administraci\u00f3n saliente, lo que requiri\u00f3 la&nbsp;<strong>intervenci\u00f3n directa del Gobierno del Estado&nbsp;<\/strong>para solventar los contratiempos operativos.<\/p>\n\n\n\n<p>No obstante, el problema de fondo ha sido la inseguridad. La desconfianza en las autoridades locales y el aumento de la violencia llevaron a que, a mediados de 2025, habitantes de Tlalnepantla establecieran&nbsp;<strong>retenes ciudadanos de 24 horas&nbsp;<\/strong>en los accesos al municipio. La poblaci\u00f3n, sinti\u00e9ndose vulnerable, opt\u00f3 por vigilar la entrada de personas ajenas ante la falta de resultados de la polic\u00eda municipal.<\/p>\n\n\n\n<p>La detenci\u00f3n del alcalde no es un hecho aislado, sino que se enmarca en un&nbsp;<a href=\"https:\/\/www.elfinanciero.com.mx\/estados\/2026\/04\/18\/masacre-en-morelos-ataque-armado-en-bar-clandestino-de-ayala-deja-8-personas-muertas\/\" target=\"_blank\" rel=\"noreferrer noopener\">deterioro generalizado del orden p\u00fablico en Morelos<\/a>. Aunque el primer semestre de 2025 mostr\u00f3&nbsp;<strong>una ligera tendencia a la baja en la criminalidad<\/strong>,<\/p>\n","protected":false},"excerpt":{"rendered":"<p>Mientras su gobierno promov\u00eda la erradicaci\u00f3n de la violencia de g\u00e9nero, Jorge Armando \u2018N\u2019 fue&#8230;<\/p>\n","protected":false},"author":8,"featured_media":90841,"comment_status":"closed","ping_status":"closed","sticky":false,"template":"","format":"standard","meta":{"footnotes":""},"categories":[4],"tags":[],"class_list":["post-90840","post","type-post","status-publish","format-standard","has-post-thumbnail","hentry","category-noticias-del-dia"],"_links":{"self":[{"href":"https:\/\/bambapolitica.com.mx\/index.php\/wp-json\/wp\/v2\/posts\/90840","targetHints":{"allow":["GET"]}}],"collection":[{"href":"https:\/\/bambapolitica.com.mx\/index.php\/wp-json\/wp\/v2\/posts"}],"about":[{"href":"https:\/\/bambapolitica.com.mx\/index.php\/wp-json\/wp\/v2\/types\/post"}],"author":[{"embeddable":true,"href":"https:\/\/bambapolitica.com.mx\/index.php\/wp-json\/wp\/v2\/users\/8"}],"replies":[{"embeddable":true,"href":"https:\/\/bambapolitica.com.mx\/index.php\/wp-json\/wp\/v2\/comments?post=90840"}],"version-history":[{"count":1,"href":"https:\/\/bambapolitica.com.mx\/index.php\/wp-json\/wp\/v2\/posts\/90840\/revisions"}],"predecessor-version":[{"id":90842,"href":"https:\/\/bambapolitica.com.mx\/index.php\/wp-json\/wp\/v2\/posts\/90840\/revisions\/90842"}],"wp:featuredmedia":[{"embeddable":true,"href":"https:\/\/bambapolitica.com.mx\/index.php\/wp-json\/wp\/v2\/media\/90841"}],"wp:attachment":[{"href":"https:\/\/bambapolitica.com.mx\/index.php\/wp-json\/wp\/v2\/media?parent=90840"}],"wp:term":[{"taxonomy":"category","embeddable":true,"href":"https:\/\/bambapolitica.com.mx\/index.php\/wp-json\/wp\/v2\/categories?post=90840"},{"taxonomy":"post_tag","embeddable":true,"href":"https:\/\/bambapolitica.com.mx\/index.php\/wp-json\/wp\/v2\/tags?post=90840"}],"curies":[{"name":"wp","href":"https:\/\/api.w.org\/{rel}","templated":true}]}}