{"id":90846,"date":"2026-04-27T07:24:46","date_gmt":"2026-04-27T13:24:46","guid":{"rendered":"https:\/\/bambapolitica.com.mx\/?p=90846"},"modified":"2026-04-27T07:24:50","modified_gmt":"2026-04-27T13:24:50","slug":"especialista-alerta-riesgos-por-venta-libre-de-uniformes-policiales-en-edomex","status":"publish","type":"post","link":"https:\/\/bambapolitica.com.mx\/index.php\/2026\/04\/27\/especialista-alerta-riesgos-por-venta-libre-de-uniformes-policiales-en-edomex\/","title":{"rendered":"Especialista alerta riesgos por venta libre de uniformes policiales en Edomex"},"content":{"rendered":"\n<p>Cristina Pablo Dorantes, experta de la UAEM\u00e9x, alerta que la coordinaci\u00f3n entre polic\u00edas y ministerios p\u00fablicos no bastar\u00e1 para combatir delitos si persisten corrupci\u00f3n, falta de profesionalizaci\u00f3n y venta libre de uniformes que facilita la suplantaci\u00f3n de autoridad.<\/p>\n\n\n\n<p>Aunque a partir de este a\u00f1o, entr\u00f3 en vigor en el Estado de M\u00e9xico una&nbsp;<strong>reforma sobre investigaci\u00f3n de delitos<\/strong>, con el prop\u00f3sito de que las instituciones de seguridad estatal y municipal,<strong>participen en la persecuci\u00f3n de las conductas il\u00edcitas en coordinaci\u00f3n con los ministerios p\u00fablico<\/strong>s, la realidad es que no solamente debe haber mayor capacitaci\u00f3n hacia los elementos policiacos de proximidad, sino prohibir la venta de uniformes en los negocios, porque los mismos delincuentes pueden adquirirlos.<\/p>\n\n\n\n<h3 class=\"wp-block-heading\">Venta de uniformes facilita que delincuentes suplanten a polic\u00edas<\/h3>\n\n\n\n<p>En entrevista, la integrante del<strong>\u00a0Centro de Investigaci\u00f3n en Ciencias Jur\u00eddicas de la Facultad de Derecho de la Universidad Aut\u00f3noma del Estado de M\u00e9xico (UAEM\u00e9x)<\/strong>, Cristina Pablo Dorantes, destac\u00f3 lo anterior y consider\u00f3 que<strong>\u00a0poco se podr\u00e1 avanzar en la pr\u00e1ctica, sino se realizan esfuerzos por abatir la corrupci\u00f3n no solamente entre los y las polic\u00edas, sino entre las mismas autoridades<\/strong>que son responsables de prevenir y sancionar las conductas il\u00edcitas.<\/p>\n\n\n\n<p>\u201cTenemos casos lamentables de delincuentes que se hacen pasar por polic\u00edas, debido a la corrupci\u00f3n y a que tienen acceso a los uniformes; adem\u00e1s, los negocios con venta de \u00e9stos ni siquiera deber\u00edan de existir. Aunado a lo anterior, no debemos perder de vista que cualquier persona puede recurrir a estas tiendas y comprar las insignias, los uniformes y las gorras de polic\u00edas\u201d, extern\u00f3.<\/p>\n\n\n\n<h3 class=\"wp-block-heading\">Corrupci\u00f3n y falta de profesionalizaci\u00f3n frenan avances<\/h3>\n\n\n\n<p>La especialista en temas de Seguridad, hizo hincapi\u00e9 en que los<strong>&nbsp;cambios en los uniformes o en la normatividad por s\u00ed solos no pueden funcionar para reducir la incidencia delictiva<\/strong>, ya que lo que se requiere es un cambio de mentalidad en las mismas autoridades y polic\u00edas.<\/p>\n\n\n\n<p>Cabe mencionar que, a partir de este a\u00f1o, el ministerio p\u00fablico y las instituciones policiales deben coordinarse en t\u00e9rminos de la\u00a0<strong>Ley General del Sistema Nacional de Seguridad P\u00fablica, la Ley del Sistema Nacional de Investigaci\u00f3n e Inteligencia en Materia de Seguridad P\u00fablica, as\u00ed como de las Leyes locales en la materia.<\/strong><\/p>\n\n\n\n<p>\u201cLamentablemente, los delincuentes o criminales s\u00ed se est\u00e1n capacitando en diferentes \u00e1reas: pr\u00e1cticas de tiro, porque tienen mejor armamento que nuestros polic\u00edas; as\u00ed como en inteligencia y contrainteligencia para saber con precisi\u00f3n c\u00f3mo ingresa la polic\u00eda a determinada zona, porque tienen a personal infiltrado en las corporaciones\u201d, subray\u00f3.<\/p>\n\n\n\n<h3 class=\"wp-block-heading\">Nuevo marco legal exige coordinaci\u00f3n institucional<\/h3>\n\n\n\n<p>Cristina Pablo lament\u00f3 que al interior de la polic\u00eda mexiquense&nbsp;<strong>no se cuente con los incentivos suficientes para que sus elementos se capaciten,<\/strong>&nbsp;aunque ya opera el Servicio Policial de Carrera, mediante el cual pueden ir ascendiendo de grados y permanecer de manera exitosa en su trabajo.<\/p>\n\n\n\n<p>\u201cVemos en la pr\u00e1ctica pocos avances en materia de capacitaci\u00f3n, para lograr que las y los polic\u00edas puedan ascender de grados y en esa medida obtengan sueldos dignos, porque \u00fanicamente se encuentran en los mejores puestos quienes ayudan en las campa\u00f1as de los pol\u00edticos\u201d, asegur\u00f3.&nbsp;<\/p>\n","protected":false},"excerpt":{"rendered":"<p>Cristina Pablo Dorantes, experta de la UAEM\u00e9x, alerta que la coordinaci\u00f3n entre polic\u00edas y ministerios&#8230;<\/p>\n","protected":false},"author":8,"featured_media":90847,"comment_status":"closed","ping_status":"closed","sticky":false,"template":"","format":"standard","meta":{"footnotes":""},"categories":[4],"tags":[],"class_list":["post-90846","post","type-post","status-publish","format-standard","has-post-thumbnail","hentry","category-noticias-del-dia"],"_links":{"self":[{"href":"https:\/\/bambapolitica.com.mx\/index.php\/wp-json\/wp\/v2\/posts\/90846","targetHints":{"allow":["GET"]}}],"collection":[{"href":"https:\/\/bambapolitica.com.mx\/index.php\/wp-json\/wp\/v2\/posts"}],"about":[{"href":"https:\/\/bambapolitica.com.mx\/index.php\/wp-json\/wp\/v2\/types\/post"}],"author":[{"embeddable":true,"href":"https:\/\/bambapolitica.com.mx\/index.php\/wp-json\/wp\/v2\/users\/8"}],"replies":[{"embeddable":true,"href":"https:\/\/bambapolitica.com.mx\/index.php\/wp-json\/wp\/v2\/comments?post=90846"}],"version-history":[{"count":1,"href":"https:\/\/bambapolitica.com.mx\/index.php\/wp-json\/wp\/v2\/posts\/90846\/revisions"}],"predecessor-version":[{"id":90848,"href":"https:\/\/bambapolitica.com.mx\/index.php\/wp-json\/wp\/v2\/posts\/90846\/revisions\/90848"}],"wp:featuredmedia":[{"embeddable":true,"href":"https:\/\/bambapolitica.com.mx\/index.php\/wp-json\/wp\/v2\/media\/90847"}],"wp:attachment":[{"href":"https:\/\/bambapolitica.com.mx\/index.php\/wp-json\/wp\/v2\/media?parent=90846"}],"wp:term":[{"taxonomy":"category","embeddable":true,"href":"https:\/\/bambapolitica.com.mx\/index.php\/wp-json\/wp\/v2\/categories?post=90846"},{"taxonomy":"post_tag","embeddable":true,"href":"https:\/\/bambapolitica.com.mx\/index.php\/wp-json\/wp\/v2\/tags?post=90846"}],"curies":[{"name":"wp","href":"https:\/\/api.w.org\/{rel}","templated":true}]}}