{"id":90850,"date":"2026-04-27T07:43:36","date_gmt":"2026-04-27T13:43:36","guid":{"rendered":"https:\/\/bambapolitica.com.mx\/?p=90850"},"modified":"2026-04-27T07:43:40","modified_gmt":"2026-04-27T13:43:40","slug":"congreso-local-plantea-mas-recursos-para-policias-y-personal-medico-en-edomex","status":"publish","type":"post","link":"https:\/\/bambapolitica.com.mx\/index.php\/2026\/04\/27\/congreso-local-plantea-mas-recursos-para-policias-y-personal-medico-en-edomex\/","title":{"rendered":"Congreso local plantea\u00a0m\u00e1s recursos para polic\u00edas y personal m\u00e9dico en Edomex"},"content":{"rendered":"\n<p>Una iniciativa en el Congreso del Estado de M\u00e9xico propone reformar la Ley de Disciplina Financiera para permitir mayor crecimiento en el gasto de sueldos para polic\u00edas y personal de salud, superando el l\u00edmite actual del 3% anual, con el objetivo de fortalecer estos servicios esenciales<\/p>\n\n\n\n<p>Una&nbsp;<strong>iniciativa&nbsp;<\/strong>presentada en el&nbsp;<strong>Congreso local&nbsp;<\/strong>propone reformar la Ley de Disciplina Financiera para permitir que los gobiernos estatales y municipales&nbsp;<strong>incrementen&nbsp;<\/strong>el&nbsp;<strong>gasto en sueldos<\/strong>del personal operativo de<strong>&nbsp;seguridad p\u00fablica y del sector salud<\/strong>,&nbsp;<strong>superando el l\u00edmite actual del 3% anual<\/strong>.<\/p>\n\n\n\n<h3 class=\"wp-block-heading\">Buscan flexibilizar el gasto<\/h3>\n\n\n\n<p>Durante la presentaci\u00f3n, el diputado Samuel R\u00edos Moreno explic\u00f3 que la legislaci\u00f3n vigente establece un tope general al\u00a0<strong>crecimiento del gasto en \u201cservicios personales\u201d<\/strong>, es decir, la n\u00f3mina p\u00fablica, sin distinguir entre \u00e1reas administrativas y sectores estrat\u00e9gicos como polic\u00edas, m\u00e9dicos, enfermeras y param\u00e9dicos.<\/p>\n\n\n\n<p>Este l\u00edmite fija que el gasto en sueldos solo puede crecer hasta 3% anual en t\u00e9rminos reales o conforme al crecimiento econ\u00f3mico, lo que resulte menor, situaci\u00f3n que, seg\u00fan la iniciativa, ha restringido la contrataci\u00f3n y el fortalecimiento de servicios esenciales.<\/p>\n\n\n\n<p>El Dip. Edgar Samuel R\u00edos Moreno (GP <a href=\"https:\/\/twitter.com\/hashtag\/morena?ref_src=twsrc%5Etfw%7Ctwcamp%5Etweetembed%7Ctwterm%5E2047067442799910972%7Ctwgr%5Ee649f43803c39ff85d6f042288a452f46895de35%7Ctwcon%5Es1_&amp;ref_url=https%3A%2F%2Foem.com.mx%2Felsoldetoluca%2Flocal%2Fcongreso-local-plantea-mas-recursos-para-policias-y-personal-medico-en-edomex-29622295&amp;src=hashtag_click\" target=\"_blank\" rel=\"noreferrer noopener\">#morena<\/a>) propone reformar la Ley de Disciplina Financiera para excluir del l\u00edmite anual de crecimiento en servicios personales al personal de seguridad p\u00fablica y salud, con el prop\u00f3sito de fortalecer estos sectores estrat\u00e9gicos y garantizar<\/p>\n\n\n\n<p>D\u00e9ficit en seguridad y salud<\/p>\n\n\n\n<p>El documento advierte que esta regla fiscal, aunque dise\u00f1ada para mantener el equilibrio financiero, se ha convertido en un&nbsp;<strong>obst\u00e1culo para atender necesidades estructurales<\/strong>, especialmente en entidades con alta poblaci\u00f3n como el Estado de M\u00e9xico.<\/p>\n\n\n\n<p>En materia de&nbsp;<strong>seguridad p\u00fablica<\/strong>, se se\u00f1ala un&nbsp;d\u00e9ficit de elementos policiales&nbsp;frente a est\u00e1ndares nacionales e internacionales, lo que<strong>&nbsp;limita la capacidad de vigilancia y prevenci\u00f3n del delito<\/strong>.<\/p>\n\n\n\n<p>En el sector salud, se expone un escenario similar, marcado por el&nbsp;<strong>aumento de enfermedades cr\u00f3nicas<\/strong>, la presi\u00f3n hospitalaria y las&nbsp;<strong><a rel=\"noreferrer noopener\" href=\"https:\/\/oem.com.mx\/elsoldetoluca\/ciencia-y-salud\/covid-dejo-al-menos-50-secuelas-en-la-salud-de-pacientes-29526382\" target=\"_blank\">secuelas de la pandemia de Covid-19<\/a><\/strong>, que evidenciaron la falta de personal m\u00e9dico en distintas regiones.<\/p>\n\n\n\n<h3 class=\"wp-block-heading\">Propuesta y alcances<\/h3>\n\n\n\n<p>Ante este panorama, la iniciativa plantea establecer una&nbsp;<strong>excepci\u00f3n permanente al l\u00edmite del 3% de crecimiento del gasto en servicios personales<\/strong>, exclusivamente para el personal operativo de seguridad p\u00fablica y salud.<\/p>\n\n\n\n<p>Esto incluir\u00eda a<strong>&nbsp;polic\u00edas estatales y municipales<\/strong>, as\u00ed como a&nbsp;<strong>m\u00e9dicos<\/strong>,&nbsp;<strong>enfermeras<\/strong>,&nbsp;<strong>param\u00e9dicos&nbsp;<\/strong>y personal af\u00edn. La&nbsp;<strong>excepci\u00f3n no aplicar\u00eda al personal administrativo o burocr\u00e1tico<\/strong>, que en algunos casos concentra hasta el 60% del presupuesto.<\/p>\n\n\n\n<p>Adem\u00e1s, se propone que estos&nbsp;<strong>recursos sean identificados y reportados&nbsp;<\/strong>de manera diferenciada en los presupuestos de egresos y cuentas p\u00fablicas, con el fin de garantizar transparencia y rendici\u00f3n de cuentas.<\/p>\n\n\n\n<p>Finalmente, se subraya que la disciplina financiera debe mantenerse como principio, pero sin impedir que los gobiernos cumplan con sus obligaciones en materia de seguridad y salud, mediante un esquema m\u00e1s flexible que permita fortalecer al personal operativo sin comprometer las finanzas p\u00fablicas.<\/p>\n","protected":false},"excerpt":{"rendered":"<p>Una iniciativa en el Congreso del Estado de M\u00e9xico propone reformar la Ley de Disciplina&#8230;<\/p>\n","protected":false},"author":8,"featured_media":90851,"comment_status":"closed","ping_status":"closed","sticky":false,"template":"","format":"standard","meta":{"footnotes":""},"categories":[4],"tags":[],"class_list":["post-90850","post","type-post","status-publish","format-standard","has-post-thumbnail","hentry","category-noticias-del-dia"],"_links":{"self":[{"href":"https:\/\/bambapolitica.com.mx\/index.php\/wp-json\/wp\/v2\/posts\/90850","targetHints":{"allow":["GET"]}}],"collection":[{"href":"https:\/\/bambapolitica.com.mx\/index.php\/wp-json\/wp\/v2\/posts"}],"about":[{"href":"https:\/\/bambapolitica.com.mx\/index.php\/wp-json\/wp\/v2\/types\/post"}],"author":[{"embeddable":true,"href":"https:\/\/bambapolitica.com.mx\/index.php\/wp-json\/wp\/v2\/users\/8"}],"replies":[{"embeddable":true,"href":"https:\/\/bambapolitica.com.mx\/index.php\/wp-json\/wp\/v2\/comments?post=90850"}],"version-history":[{"count":1,"href":"https:\/\/bambapolitica.com.mx\/index.php\/wp-json\/wp\/v2\/posts\/90850\/revisions"}],"predecessor-version":[{"id":90852,"href":"https:\/\/bambapolitica.com.mx\/index.php\/wp-json\/wp\/v2\/posts\/90850\/revisions\/90852"}],"wp:featuredmedia":[{"embeddable":true,"href":"https:\/\/bambapolitica.com.mx\/index.php\/wp-json\/wp\/v2\/media\/90851"}],"wp:attachment":[{"href":"https:\/\/bambapolitica.com.mx\/index.php\/wp-json\/wp\/v2\/media?parent=90850"}],"wp:term":[{"taxonomy":"category","embeddable":true,"href":"https:\/\/bambapolitica.com.mx\/index.php\/wp-json\/wp\/v2\/categories?post=90850"},{"taxonomy":"post_tag","embeddable":true,"href":"https:\/\/bambapolitica.com.mx\/index.php\/wp-json\/wp\/v2\/tags?post=90850"}],"curies":[{"name":"wp","href":"https:\/\/api.w.org\/{rel}","templated":true}]}}