{"id":90853,"date":"2026-04-27T10:37:59","date_gmt":"2026-04-27T16:37:59","guid":{"rendered":"https:\/\/bambapolitica.com.mx\/?p=90853"},"modified":"2026-04-27T10:38:30","modified_gmt":"2026-04-27T16:38:30","slug":"sorprenden-embarcacion-que-ocultaba-una-tonelada-de-cocaina-en-chiapas-6-extranjeros-fueron-detenidos","status":"publish","type":"post","link":"https:\/\/bambapolitica.com.mx\/index.php\/2026\/04\/27\/sorprenden-embarcacion-que-ocultaba-una-tonelada-de-cocaina-en-chiapas-6-extranjeros-fueron-detenidos\/","title":{"rendered":"\u2018Sorprenden\u2019 embarcaci\u00f3n que ocultaba una tonelada de coca\u00edna en Chiapas; 6 extranjeros fueron detenidos"},"content":{"rendered":"\n<p>Fue interceptada una embarcaci\u00f3n menor que transportaba 18 bultos con coca\u00edna y, adem\u00e1s, detuvieron a seis extranjeros en Chiapas.<\/p>\n\n\n\n<p>En costas de&nbsp;<a href=\"https:\/\/www.elfinanciero.com.mx\/nacional\/2026\/04\/21\/caravana-migrante-sale-de-chiapas-haitianos-encabezan-el-grupo-que-buscar-llegar-a-grandes-ciudades\/\" target=\"_blank\" rel=\"noreferrer noopener\">Chiapas<\/a>, autoridades federales interceptaron una embarcaci\u00f3n menor que transportaba<strong>&nbsp;18 bultos con presunta coca\u00edna<\/strong>&nbsp;y, adem\u00e1s, detuvieron a seis personas de nacionalidad extranjera.<\/p>\n\n\n\n<p>La embarcaci\u00f3n fue detectada mediante el sistema de vigilancia mar\u00edtima, al presentar maniobras inusuales para la<strong>&nbsp;navegaci\u00f3n civil<\/strong>. Ante ello, se desplegaron unidades de superficie y aeronavales para su localizaci\u00f3n e interceptaci\u00f3n en altamar, detall\u00f3 el&nbsp;<a href=\"https:\/\/www.elfinanciero.com.mx\/nacional\/2026\/04\/22\/mas-cambios-en-el-gabinete-sheinbaum-evalua-reemplazar-a-esteban-moctezuma-como-embajador-en-eu\/\" target=\"_blank\" rel=\"noreferrer noopener\">Gabinete de Seguridad de M\u00e9xico<\/a>.<\/p>\n\n\n\n<p>El aseguramiento ocurri\u00f3 aproximadamente a<strong>&nbsp;65 millas n\u00e1uticas<\/strong>&nbsp;(120 kil\u00f3metros) al noroeste de&nbsp;<strong>Puerto Chiapas<\/strong>. Durante la inspecci\u00f3n, las autoridades localizaron 18 bultos que conten\u00edan un peso estimado de 904 kilogramos de coca\u00edna. En el lugar fueron detenidos los seis tripulantes.<\/p>\n\n\n\n<p>A los implicados se les informaron sus derechos y, junto con la droga asegurada, fueron puestos a disposici\u00f3n del Ministerio P\u00fablico, quien determinar\u00e1 su situaci\u00f3n jur\u00eddica.<\/p>\n\n\n\n<p>La operaci\u00f3n fue encabezada por elementos de la Secretar\u00eda de Marina (Semar), a trav\u00e9s de la\u00a0<a href=\"https:\/\/www.elfinanciero.com.mx\/mundo\/2026\/04\/23\/pasaporte-falso-y-una-acusacion-de-homicidio-argentina-senala-a-sobrino-del-exsecretario-de-marina-de-amlo\/\" target=\"_blank\" rel=\"noreferrer noopener\">Armada de M\u00e9xico<\/a>\u00a0en funciones de Guardia Costera, en coordinaci\u00f3n con la Secretar\u00eda de Seguridad y Protecci\u00f3n Ciudadana (SSPC) y la Fiscal\u00eda General de la Rep\u00fablica (FGR).<\/p>\n\n\n\n<h2 class=\"wp-block-heading\">\u00bfCu\u00e1ntas toneladas de coca\u00edna ha incautado el Gobierno de Sheinbaum?<\/h2>\n\n\n\n<p>Seg\u00fan estimaciones oficiales, el decomiso representa una afectaci\u00f3n econ\u00f3mica superior a los&nbsp;<strong>349 millones de pesos<\/strong>, adem\u00e1s de impedir que miles de dosis de esta droga lleguen a las calles.<\/p>\n\n\n\n<p>Las instituciones que integran el Gabinete de Seguridad reiteraron que continuar\u00e1n con las operaciones de vigilancia mar\u00edtima y a\u00e9rea en aguas nacionales para garantizar el Estado de derecho en las zonas marinas del pa\u00eds.<\/p>\n\n\n\n<p>Seg\u00fan cifras del Gabinete de Seguridad, desde la llegada de&nbsp;<a href=\"https:\/\/www.elfinanciero.com.mx\/nacional\/2026\/04\/27\/claudia-sheinbaum-mananera-temas-hoy-27-de-abril-de-2026-en-vivo\/\" target=\"_blank\" rel=\"noreferrer noopener\">Claudia Sheinbaum<\/a>&nbsp;al poder en octubre de 2024, la Marina ha incautado 62 toneladas de coca\u00edna en alta mar como \u201cparte de las acciones para&nbsp;<strong>debilitar las operaciones del crimen organizado<\/strong>\u201d, en medio de la presi\u00f3n de Estados Unidos en la lucha contra el narcotr\u00e1fico.<\/p>\n\n\n\n<p>Los narcotraficantes utilizan distintas v\u00edas, entre ellas el mar, para el tr\u00e1fico de drogas en M\u00e9xico y su potencial traslado hacia Estados Unidos.<\/p>\n","protected":false},"excerpt":{"rendered":"<p>Fue interceptada una embarcaci\u00f3n menor que transportaba 18 bultos con coca\u00edna y, adem\u00e1s, detuvieron a&#8230;<\/p>\n","protected":false},"author":3,"featured_media":90854,"comment_status":"closed","ping_status":"closed","sticky":false,"template":"","format":"standard","meta":{"footnotes":""},"categories":[4],"tags":[],"class_list":["post-90853","post","type-post","status-publish","format-standard","has-post-thumbnail","hentry","category-noticias-del-dia"],"_links":{"self":[{"href":"https:\/\/bambapolitica.com.mx\/index.php\/wp-json\/wp\/v2\/posts\/90853","targetHints":{"allow":["GET"]}}],"collection":[{"href":"https:\/\/bambapolitica.com.mx\/index.php\/wp-json\/wp\/v2\/posts"}],"about":[{"href":"https:\/\/bambapolitica.com.mx\/index.php\/wp-json\/wp\/v2\/types\/post"}],"author":[{"embeddable":true,"href":"https:\/\/bambapolitica.com.mx\/index.php\/wp-json\/wp\/v2\/users\/3"}],"replies":[{"embeddable":true,"href":"https:\/\/bambapolitica.com.mx\/index.php\/wp-json\/wp\/v2\/comments?post=90853"}],"version-history":[{"count":1,"href":"https:\/\/bambapolitica.com.mx\/index.php\/wp-json\/wp\/v2\/posts\/90853\/revisions"}],"predecessor-version":[{"id":90855,"href":"https:\/\/bambapolitica.com.mx\/index.php\/wp-json\/wp\/v2\/posts\/90853\/revisions\/90855"}],"wp:featuredmedia":[{"embeddable":true,"href":"https:\/\/bambapolitica.com.mx\/index.php\/wp-json\/wp\/v2\/media\/90854"}],"wp:attachment":[{"href":"https:\/\/bambapolitica.com.mx\/index.php\/wp-json\/wp\/v2\/media?parent=90853"}],"wp:term":[{"taxonomy":"category","embeddable":true,"href":"https:\/\/bambapolitica.com.mx\/index.php\/wp-json\/wp\/v2\/categories?post=90853"},{"taxonomy":"post_tag","embeddable":true,"href":"https:\/\/bambapolitica.com.mx\/index.php\/wp-json\/wp\/v2\/tags?post=90853"}],"curies":[{"name":"wp","href":"https:\/\/api.w.org\/{rel}","templated":true}]}}