{"id":90856,"date":"2026-04-27T11:26:34","date_gmt":"2026-04-27T17:26:34","guid":{"rendered":"https:\/\/bambapolitica.com.mx\/?p=90856"},"modified":"2026-04-27T11:26:52","modified_gmt":"2026-04-27T17:26:52","slug":"primer-dia-del-tren-felipe-angeles-registra-demoras-mas-de-40-minutos-y-quejas-de-pasajeros","status":"publish","type":"post","link":"https:\/\/bambapolitica.com.mx\/index.php\/2026\/04\/27\/primer-dia-del-tren-felipe-angeles-registra-demoras-mas-de-40-minutos-y-quejas-de-pasajeros\/","title":{"rendered":"Primer d\u00eda del Tren Felipe \u00c1ngeles registra demoras m\u00e1s de 40 minutos y quejas de pasajeros"},"content":{"rendered":"\n<p>Usuarios se\u00f1alaron que el nuevo servicio ferroviario inici\u00f3 con esperas prolongadas tanto en el tramo hacia el aeropuerto como en el Tren Suburbano, la nueva conexi\u00f3n entre Buenavista y el Aeropuerto Internacional Felipe \u00c1ngeles comenz\u00f3 operaciones entre quejas por retrasos y dudas sobre la frecuencia del servicio.<\/p>\n\n\n\n<p>Con retrasos de m\u00e1s de 40 minutos, esperas prolongadas y molestia entre usuarios, as\u00ed inici\u00f3 el servicio del Tren Felipe \u00c1ngeles en su primer d\u00eda de operaci\u00f3n al p\u00fablico, luego de la expectativa generada por la nueva conexi\u00f3n ferroviaria entre Buenavista y el Aeropuerto Internacional Felipe \u00c1ngeles (AIFA).Aunque la ruta fue presentada como una alternativa para mejorar los tiempos de traslado hacia el aeropuerto, pasajeros se\u00f1alaron que durante las primeras horas de servicio las esperas fueron mayores a las previstas, no solo en el nuevo tramo, sino tambi\u00e9n en el servicio habitual del Tren Suburbano.<\/p>\n\n\n\n<p>Veinte minutos solamente para que llegara el Tren Suburbano; el servicio cada vez peor\u201d, expres\u00f3 Sarah\u00ed L\u00f3pez, usuaria del sistema, mientras esperaba abordar. Se\u00f1al\u00f3 que la demora complic\u00f3 su traslado y gener\u00f3 incertidumbre entre pasajeros que buscaban llegar a tiempo a sus destinos.<\/p>\n\n\n\n<p>De acuerdo con comentarios difundidos por usuarios en grupos de redes sociales, las demoras se registraron desde los primeros viajes del d\u00eda, lo que provoc\u00f3 inconformidad y dudas sobre la frecuencia real del servicio. Algunos pasajeros tambi\u00e9n se\u00f1alaron que no hab\u00eda informaci\u00f3n suficiente sobre los tiempos de llegada de los trenes, situaci\u00f3n que increment\u00f3 la molestia en las estaciones.\u201cEst\u00e1 bien que ya haya tren al aeropuerto, eso s\u00ed ayuda, pero si desde el primer d\u00eda ya hay retrasos, entonces uno se pregunta c\u00f3mo va a estar cuando haya m\u00e1s gente. Yo esperaba llegar m\u00e1s r\u00e1pido, pero entre que esperas y que no sabes bien cu\u00e1ndo pasa, se pierde tiempo\u201d, coment\u00f3 Jorge Gonz\u00e1lez.La principal queja de los usuarios fue que el servicio no arranc\u00f3 con la fluidez que esperaban, sobre todo al tratarse de una ruta que busca conectar a la Ciudad de M\u00e9xico con municipios del Estado de M\u00e9xico y con una terminal a\u00e9rea que, hasta ahora, depend\u00eda principalmente del traslado por carretera.<\/p>\n\n\n\n<p>Algunos pasajeros tambi\u00e9n se\u00f1alaron que no hab\u00eda informaci\u00f3n suficiente sobre los tiempos de llegada de los trenes, situaci\u00f3n que increment\u00f3 la molestia en las estaciones. \/ Fotos: Cortes\u00eda \/ Sarah\u00ed L\u00f3pezDespu\u00e9s de casi tres horas de retrasos, el servicio comenz\u00f3 a normalizarse de manera gradual, principalmente conforme baj\u00f3 la afluencia de viajeros en estaciones. Sin embargo, los usuarios se\u00f1alaron que durante ese lapso no recibieron una explicaci\u00f3n clara sobre el motivo de las demoras.Tampoco se emiti\u00f3 informaci\u00f3n oficial inmediata por parte del servicio del Tren Felipe \u00c1ngeles ni del Tren Suburbano sobre las causas de los retrasos reportados durante las primeras horas de operaci\u00f3n.Aun as\u00ed, algunos pasajeros se\u00f1alaron que la obra puede representar un avance importante para quienes viajan al AIFA o viven cerca de las nuevas estaciones; sin embargo, insistieron en que el servicio deber\u00e1 mejorar su frecuencia para consolidarse como una opci\u00f3n r\u00e1pida y confiable.<\/p>\n\n\n\n<p>\u201cS\u00ed se siente bonito ver el tren funcionando, porque mucha gente lo estaba esperando, pero tambi\u00e9n necesitamos que funcione bien. No solo es inaugurarlo, es que de verdad sirva todos los d\u00edas\u201d, expres\u00f3 Jorge L\u00f3pez.El Tren Felipe \u00c1ngeles busca beneficiar a habitantes de municipios como Tultitl\u00e1n, Tultepec, Nextlalpan y Zumpango, adem\u00e1s de usuarios que se trasladan desde Buenavista hacia el aeropuerto. Para muchos pasajeros, la nueva ruta podr\u00eda reducir costos y tiempos de viaje, siempre que la operaci\u00f3n diaria mantenga horarios constantes.Durante esta primera etapa, el servicio opera con una tarifa promocional para el trayecto completo entre Buenavista y el AIFA, adem\u00e1s de tarifas menores para estaciones intermedias. Tambi\u00e9n se contempla el uso de la tarjeta de Movilidad Integrada como parte del esquema de acceso al sistema ferroviario.<\/p>\n\n\n\n<p>La obra puede representar un avance importante para quienes viajan al AIFA o viven cerca de las nuevas estaciones \/ Fotos: Cortes\u00eda \/ Sarah\u00ed L\u00f3pezNo obstante, para los usuarios el reto inmediato no est\u00e1 solo en contar con una nueva ruta, sino en garantizar un servicio puntual, frecuente y con informaci\u00f3n clara en las estaciones, especialmente durante los primeros d\u00edas de operaci\u00f3n, cuando muchas personas a\u00fan se familiarizan con los horarios, destinos y conexiones.La puesta en marcha del Tren Felipe \u00c1ngeles ocurre despu\u00e9s de varios a\u00f1os de espera para conectar por v\u00eda f\u00e9rrea a Buenavista con el AIFA. La obra fue inaugurada oficialmente el domingo 26 de abril en un acto encabezado por la presidenta Claudia Sheinbaum Pardo, quien realiz\u00f3 el primer recorrido hacia la terminal a\u00e9rea.<\/p>\n\n\n\n<p>Hasta el cierre de esta edici\u00f3n, las autoridades no hab\u00edan informado las causas de los retrasos reportados por los usuarios durante el inicio del servicio, por lo que pasajeros pidieron mayor claridad sobre los horarios y la frecuencia de paso en los pr\u00f3ximos d\u00edas de operaci\u00f3n.<\/p>\n","protected":false},"excerpt":{"rendered":"<p>Usuarios se\u00f1alaron que el nuevo servicio ferroviario inici\u00f3 con esperas prolongadas tanto en el tramo&#8230;<\/p>\n","protected":false},"author":8,"featured_media":90857,"comment_status":"closed","ping_status":"closed","sticky":false,"template":"","format":"standard","meta":{"footnotes":""},"categories":[4],"tags":[],"class_list":["post-90856","post","type-post","status-publish","format-standard","has-post-thumbnail","hentry","category-noticias-del-dia"],"_links":{"self":[{"href":"https:\/\/bambapolitica.com.mx\/index.php\/wp-json\/wp\/v2\/posts\/90856","targetHints":{"allow":["GET"]}}],"collection":[{"href":"https:\/\/bambapolitica.com.mx\/index.php\/wp-json\/wp\/v2\/posts"}],"about":[{"href":"https:\/\/bambapolitica.com.mx\/index.php\/wp-json\/wp\/v2\/types\/post"}],"author":[{"embeddable":true,"href":"https:\/\/bambapolitica.com.mx\/index.php\/wp-json\/wp\/v2\/users\/8"}],"replies":[{"embeddable":true,"href":"https:\/\/bambapolitica.com.mx\/index.php\/wp-json\/wp\/v2\/comments?post=90856"}],"version-history":[{"count":1,"href":"https:\/\/bambapolitica.com.mx\/index.php\/wp-json\/wp\/v2\/posts\/90856\/revisions"}],"predecessor-version":[{"id":90858,"href":"https:\/\/bambapolitica.com.mx\/index.php\/wp-json\/wp\/v2\/posts\/90856\/revisions\/90858"}],"wp:featuredmedia":[{"embeddable":true,"href":"https:\/\/bambapolitica.com.mx\/index.php\/wp-json\/wp\/v2\/media\/90857"}],"wp:attachment":[{"href":"https:\/\/bambapolitica.com.mx\/index.php\/wp-json\/wp\/v2\/media?parent=90856"}],"wp:term":[{"taxonomy":"category","embeddable":true,"href":"https:\/\/bambapolitica.com.mx\/index.php\/wp-json\/wp\/v2\/categories?post=90856"},{"taxonomy":"post_tag","embeddable":true,"href":"https:\/\/bambapolitica.com.mx\/index.php\/wp-json\/wp\/v2\/tags?post=90856"}],"curies":[{"name":"wp","href":"https:\/\/api.w.org\/{rel}","templated":true}]}}