{"id":90866,"date":"2026-04-27T12:47:28","date_gmt":"2026-04-27T18:47:28","guid":{"rendered":"https:\/\/bambapolitica.com.mx\/?p=90866"},"modified":"2026-04-27T12:47:33","modified_gmt":"2026-04-27T18:47:33","slug":"gobierno-congela-mesa-de-dialogo-con-padres-de-los-43-de-ayotzinapa-familiares-acusan-que-se-enfocan-mas-en-el-mundial-2026-y-dejan-de-lado-temas-prioritarias","status":"publish","type":"post","link":"https:\/\/bambapolitica.com.mx\/index.php\/2026\/04\/27\/gobierno-congela-mesa-de-dialogo-con-padres-de-los-43-de-ayotzinapa-familiares-acusan-que-se-enfocan-mas-en-el-mundial-2026-y-dejan-de-lado-temas-prioritarias\/","title":{"rendered":"Gobierno congela mesa de di\u00e1logo con padres de los 43 de Ayotzinapa; familiares acusan que se enfocan m\u00e1s en el Mundial 2026 y dejan de lado temas prioritarias"},"content":{"rendered":"\n<p>\u00a0En los \u00faltimos cinco meses, se han estancado las mesas de negociaciones entre padres de los 43 Normalistas de Ayotzinapa, Guerrero y el gobierno federal. Est\u00e1 ocurriendo lo mismo que en gobiernos anteriores. Durante la 139 Acci\u00f3n Global por Ayotzinapa, Isidoro Vicario, quien forma parte del equipo legal que acompa\u00f1a a los padres, lament\u00f3 que no haya respuesta a los puntos planteados por los familiares de los normalistas en la reuni\u00f3n con la presidenta, Claudia Sheinbaum, en noviembre pasado. <\/p>\n\n\n\n<p>Expres\u00f3: &#8220;Ya pasaron cinco meses. Se acord\u00f3 que despu\u00e9s de dos meses del encuentro \u00edbamos a sentarnos de nuevo para abordar el tema de las peticiones, entre ellas el regreso del Grupo Interdisciplinario de Expertos Independientes (GIEI), a M\u00e9xico para apoyar en las investigaciones del caso Ayotzinapa, la entrega de los folios del Ej\u00e9rcito, que incluyen evidencias claras del paradero de sus hijos, y se retome la intervenci\u00f3n de llamadas telef\u00f3nicas del Ej\u00e9rcito sobre el traslado de 17 estudiantes de Barandillas a las afueras de Iguala, pero ni siquiera nos han dado una fecha tentativa de manera formal para sostener otro encuentro con la Presidenta, porque probablemente no hay informaci\u00f3n nueva para brindarle a los padres y eso es deplorable&#8221;. <\/p>\n\n\n\n<p>El domingo, m\u00e1s de 250 personas, marcharon del \u00c1ngel de la Independencia al Hemiciclo a Ju\u00e1rez, para exigir la aparici\u00f3n con vida de los normalistas desaparecidos en septiembre de 2014 en Iguala, Guerrero. En el Hemiciclo a Ju\u00e1rez, Isidoro Vicario reiter\u00f3 que urge que las autoridades federales convoquen a los padres a una nueva reuni\u00f3n. &#8220;Para el gobierno federal es prioridad mantener la buena imagen del pa\u00eds por el Mundial, pero deja en segundo plano el tema de las desapariciones, homicidios y otras demandas sociales&#8221;. <\/p>\n\n\n\n<p>Durante el recorrido gritaron diferentes consignas. Al llegar al Antimonumento a los +43, realizaron el tradicional pase de lista de los j\u00f3venes desaparecidos. Abund\u00f3 que no permitir\u00e1n que el caso de Ayotzinapa quede en la impunidad. &#8220;Hacemos un llamado a las organizaciones para que asistan el pr\u00f3ximo 9 de mayo a una Asamblea Nacional Popular en la Escuela Normal Rural de Ayotzinapa, donde se dise\u00f1ar\u00e1n las actividades que se llevar\u00e1n a cabo en los pr\u00f3ximos meses&#8221;<\/p>\n","protected":false},"excerpt":{"rendered":"<p>\u00a0En los \u00faltimos cinco meses, se han estancado las mesas de negociaciones entre padres de&#8230;<\/p>\n","protected":false},"author":3,"featured_media":90867,"comment_status":"closed","ping_status":"closed","sticky":false,"template":"","format":"standard","meta":{"footnotes":""},"categories":[4],"tags":[],"class_list":["post-90866","post","type-post","status-publish","format-standard","has-post-thumbnail","hentry","category-noticias-del-dia"],"_links":{"self":[{"href":"https:\/\/bambapolitica.com.mx\/index.php\/wp-json\/wp\/v2\/posts\/90866","targetHints":{"allow":["GET"]}}],"collection":[{"href":"https:\/\/bambapolitica.com.mx\/index.php\/wp-json\/wp\/v2\/posts"}],"about":[{"href":"https:\/\/bambapolitica.com.mx\/index.php\/wp-json\/wp\/v2\/types\/post"}],"author":[{"embeddable":true,"href":"https:\/\/bambapolitica.com.mx\/index.php\/wp-json\/wp\/v2\/users\/3"}],"replies":[{"embeddable":true,"href":"https:\/\/bambapolitica.com.mx\/index.php\/wp-json\/wp\/v2\/comments?post=90866"}],"version-history":[{"count":1,"href":"https:\/\/bambapolitica.com.mx\/index.php\/wp-json\/wp\/v2\/posts\/90866\/revisions"}],"predecessor-version":[{"id":90868,"href":"https:\/\/bambapolitica.com.mx\/index.php\/wp-json\/wp\/v2\/posts\/90866\/revisions\/90868"}],"wp:featuredmedia":[{"embeddable":true,"href":"https:\/\/bambapolitica.com.mx\/index.php\/wp-json\/wp\/v2\/media\/90867"}],"wp:attachment":[{"href":"https:\/\/bambapolitica.com.mx\/index.php\/wp-json\/wp\/v2\/media?parent=90866"}],"wp:term":[{"taxonomy":"category","embeddable":true,"href":"https:\/\/bambapolitica.com.mx\/index.php\/wp-json\/wp\/v2\/categories?post=90866"},{"taxonomy":"post_tag","embeddable":true,"href":"https:\/\/bambapolitica.com.mx\/index.php\/wp-json\/wp\/v2\/tags?post=90866"}],"curies":[{"name":"wp","href":"https:\/\/api.w.org\/{rel}","templated":true}]}}