{"id":90869,"date":"2026-04-27T12:51:10","date_gmt":"2026-04-27T18:51:10","guid":{"rendered":"https:\/\/bambapolitica.com.mx\/?p=90869"},"modified":"2026-04-27T12:51:14","modified_gmt":"2026-04-27T18:51:14","slug":"emergencia-ferroviaria-en-tlaxcala-descarrila-tren-con-mas-de-9-mil-litros-de-material-flamable","status":"publish","type":"post","link":"https:\/\/bambapolitica.com.mx\/index.php\/2026\/04\/27\/emergencia-ferroviaria-en-tlaxcala-descarrila-tren-con-mas-de-9-mil-litros-de-material-flamable\/","title":{"rendered":"Emergencia ferroviaria en Tlaxcala: Descarrila tren con m\u00e1s de 9 mil litros de material flamable"},"content":{"rendered":"\n<p>Autoridades analizan diversas posibilidades que podr\u00edan haber causado el descarrilamiento de al menos 10 vagones de un tren que transportaba material flamable en Tlaxcala.<\/p>\n\n\n\n<p>Un tren que transportaba aproximadamente m\u00e1s de 9 mil litros de material flamable se descarril\u00f3, provocando que al menos 10 vagones tipo carrotanque quedaran afectados, algunos volcados, lo que encendi\u00f3 las alarmas en&nbsp;<a href=\"https:\/\/www.elfinanciero.com.mx\/estados\/2026\/03\/23\/encuentran-cuerpos-de-una-madre-y-sus-dos-hijas-en-los-limites-de-tlaxcala-habian-sido-secuestradas\/\" target=\"_blank\" rel=\"noreferrer noopener\">Tlaxcala<\/a>.<\/p>\n\n\n\n<p>El accidente ocurri\u00f3 durante las primeras horas de este domingo, entre los l\u00edmites de los municipios de&nbsp;<strong>Yauhqyemehcan y Apizaco<\/strong>, donde fueron activados protocolos de emergencia ante el riesgo de fuga del material peligroso.<\/p>\n\n\n\n<p>De acuerdo con la agencia Quadratin Tlaxcala, el percance fue reportado alrededor de las 03:00 horas, cuando personal de FerroSur fue alertado por el operador de la locomotora, quien inform\u00f3 que tras avanzar con direcci\u00f3n a la zona norte del pa\u00eds,&nbsp;<a href=\"https:\/\/www.elfinanciero.com.mx\/nacional\/2026\/04\/22\/accidente-del-tren-interoceanico-liberan-a-responsables-por-extincion-del-proceso\/\" target=\"_blank\" rel=\"noreferrer noopener\">el tren se sali\u00f3 de las v\u00edas<\/a>&nbsp;por causas a\u00fan no confirmadas.<\/p>\n\n\n\n<h2 class=\"wp-block-heading\">\u00bfQu\u00e9 corporaciones respondieron a la emergencia del tren en Tlaxcala?<\/h2>\n\n\n\n<p>Ante el llamado de emergencias al 911, distintas corporaciones fueron movilizadas a la zona del accidente, como los elementos de las polic\u00edas municipales y estatales, adem\u00e1s de los&nbsp;<a href=\"https:\/\/www.elfinanciero.com.mx\/nacional\/2026\/04\/21\/cronologia-de-ataque-en-teotihuacan-el-operativo-de-la-guardia-nacional\/\" target=\"_blank\" rel=\"noreferrer noopener\">efectivos de la Guardia Nacional<\/a>&nbsp;y del Ej\u00e9rcito Mexicano, quienes acordonaron la zona y brindaron apoyo en las labores de resguardo.<\/p>\n\n\n\n<p>Minutos despu\u00e9s, cerca de las 04:30 horas, arribaron bomberos y personal de la Coordinaci\u00f3n de Protecci\u00f3n Civil para evaluar el nivel de riesgo y&nbsp;<strong>descartar posibles fugas<\/strong>&nbsp;o situaciones que pusieran en peligro a la poblaci\u00f3n, inform\u00f3 Quadratin.<\/p>\n\n\n\n<h2 class=\"wp-block-heading\">\u00bfQu\u00e9 pudo haber causado el descarrilamiento del tren en Tlaxcala?<\/h2>\n\n\n\n<p>Fue cerca de las 06:30 horas que, de acuerdo con informaci\u00f3n preliminar, el personal de FerroSur detall\u00f3 que hab\u00eda&nbsp;<a href=\"https:\/\/www.elfinanciero.com.mx\/estados\/2025\/12\/28\/como-fue-el-descarrilamiento-del-tren-interoceanico-en-oaxaca\/\" target=\"_blank\" rel=\"noreferrer noopener\">diversas causas posibles del descarrilamiento<\/a>, como son una posible falla mec\u00e1nica, da\u00f1os en las v\u00edas o hasta manipulaci\u00f3n externa con la intenci\u00f3n de cometer un asalto a la m\u00e1quina.<\/p>\n\n\n\n<p>Hasta el momento, las labores contin\u00faan en la zona, ya que el retiro de los carrotanques requiere maniobras especializadas. Cada unidad transporta&nbsp;<strong>miles de litros de material flamable<\/strong>, por lo que primero debe realizarse el vaciado seguro de las sustancias antes de proceder con el levantamiento de las estructuras.<\/p>\n\n\n\n<p>Autoridades mantienen vigilancia en el \u00e1rea y no se reportan, hasta ahora, personas lesionadas.<\/p>\n","protected":false},"excerpt":{"rendered":"<p>Autoridades analizan diversas posibilidades que podr\u00edan haber causado el descarrilamiento de al menos 10 vagones&#8230;<\/p>\n","protected":false},"author":3,"featured_media":90870,"comment_status":"closed","ping_status":"closed","sticky":false,"template":"","format":"standard","meta":{"footnotes":""},"categories":[4],"tags":[],"class_list":["post-90869","post","type-post","status-publish","format-standard","has-post-thumbnail","hentry","category-noticias-del-dia"],"_links":{"self":[{"href":"https:\/\/bambapolitica.com.mx\/index.php\/wp-json\/wp\/v2\/posts\/90869","targetHints":{"allow":["GET"]}}],"collection":[{"href":"https:\/\/bambapolitica.com.mx\/index.php\/wp-json\/wp\/v2\/posts"}],"about":[{"href":"https:\/\/bambapolitica.com.mx\/index.php\/wp-json\/wp\/v2\/types\/post"}],"author":[{"embeddable":true,"href":"https:\/\/bambapolitica.com.mx\/index.php\/wp-json\/wp\/v2\/users\/3"}],"replies":[{"embeddable":true,"href":"https:\/\/bambapolitica.com.mx\/index.php\/wp-json\/wp\/v2\/comments?post=90869"}],"version-history":[{"count":1,"href":"https:\/\/bambapolitica.com.mx\/index.php\/wp-json\/wp\/v2\/posts\/90869\/revisions"}],"predecessor-version":[{"id":90871,"href":"https:\/\/bambapolitica.com.mx\/index.php\/wp-json\/wp\/v2\/posts\/90869\/revisions\/90871"}],"wp:featuredmedia":[{"embeddable":true,"href":"https:\/\/bambapolitica.com.mx\/index.php\/wp-json\/wp\/v2\/media\/90870"}],"wp:attachment":[{"href":"https:\/\/bambapolitica.com.mx\/index.php\/wp-json\/wp\/v2\/media?parent=90869"}],"wp:term":[{"taxonomy":"category","embeddable":true,"href":"https:\/\/bambapolitica.com.mx\/index.php\/wp-json\/wp\/v2\/categories?post=90869"},{"taxonomy":"post_tag","embeddable":true,"href":"https:\/\/bambapolitica.com.mx\/index.php\/wp-json\/wp\/v2\/tags?post=90869"}],"curies":[{"name":"wp","href":"https:\/\/api.w.org\/{rel}","templated":true}]}}