{"id":90878,"date":"2026-04-27T16:48:36","date_gmt":"2026-04-27T22:48:36","guid":{"rendered":"https:\/\/bambapolitica.com.mx\/?p=90878"},"modified":"2026-04-27T16:48:42","modified_gmt":"2026-04-27T22:48:42","slug":"gobierno-de-delfina-gomez-concentra-en-nezahualcoyotl-atencion-multidisciplinaria-a-victimas-para-agilizar-su-acceso-a-justicia-en-el-oriente-del-edomex","status":"publish","type":"post","link":"https:\/\/bambapolitica.com.mx\/index.php\/2026\/04\/27\/gobierno-de-delfina-gomez-concentra-en-nezahualcoyotl-atencion-multidisciplinaria-a-victimas-para-agilizar-su-acceso-a-justicia-en-el-oriente-del-edomex\/","title":{"rendered":"*Gobierno de Delfina G\u00f3mez concentra en Nezahualc\u00f3yotl atenci\u00f3n multidisciplinaria a v\u00edctimas para agilizar su acceso a justicia en el oriente del EdoM\u00e9x*"},"content":{"rendered":"\n<p>* _El nuevo esquema en el Centro LIBRE re\u00fane servicios psicol\u00f3gicos, jur\u00eddicos y sociales para mujeres, ni\u00f1as, ni\u00f1os, adolescentes y familias v\u00edctimas de delito o de violaciones a derechos humanos de la CEAVEM._<\/p>\n\n\n\n<p>* _M\u00e1s de 91.7 mdp invertidos y m\u00e1s de 308 mil servicios respaldan la estrategia de atenci\u00f3n a v\u00edctimas._<\/p>\n\n\n\n<p>El Gobierno del Estado de M\u00e9xico puso en marcha en Nezahualc\u00f3yotl un modelo de atenci\u00f3n multidisciplinaria dirigido a v\u00edctimas de delito y de violaciones a derechos humanos, especialmente mujeres, ni\u00f1as, ni\u00f1os, adolescentes y familias que requieren acompa\u00f1amiento legal, psicol\u00f3gico y social.<\/p>\n\n\n\n<p>A trav\u00e9s del Centro LIBRE, estas personas podr\u00e1n acceder en un solo lugar a orientaci\u00f3n jur\u00eddica, atenci\u00f3n psicol\u00f3gica, apoyo m\u00e9dico, trabajo social y acompa\u00f1amiento institucional de la Comisi\u00f3n Ejecutiva de Atenci\u00f3n a V\u00edctimas del Estado de M\u00e9xico (CEAVEM); adem\u00e1s de evitar traslados entre dependencias, reducir tiempos y facilitar el acceso efectivo a la justicia.<\/p>\n\n\n\n<p>\u201cEn este centro lo que van a hacer es integrar todo en un solo conjunto para que ya no tengan que ir a ver un psic\u00f3logo y luego a un jur\u00eddico y luego a un ministerio p\u00fablico. Esto lo hacemos como resultado de un an\u00e1lisis, pero tambi\u00e9n de un seguimiento y una evaluaci\u00f3n que hacemos dentro de las Mesas de Paz\u201d, explic\u00f3 la Gobernadora Delfina G\u00f3mez \u00c1lvarez.<\/p>\n\n\n\n<p>El Convenio de Coordinaci\u00f3n para la Atenci\u00f3n de las Necesidades que Requieren las V\u00edctimas y Ofendidos del Delito o de Violaciones de Derechos Humanos, firmado entre la CEAVEM, la Consejer\u00eda Jur\u00eddica y el Ayuntamiento de Nezahualc\u00f3yotl, se consolida un modelo de atenci\u00f3n que pone en el centro a las personas. <\/p>\n\n\n\n<p>Estas medidas cuentan con el respaldo del Fondo Estatal de Ayuda, Asistencia y Reparaci\u00f3n Integral, con el cual, en lo que va de la administraci\u00f3n, se han invertido 91.7 millones de pesos para atender a las v\u00edctimas en diversas modalidades. Como resultado, se han otorgado 308 mil 223 servicios de acompa\u00f1amiento en audiencias y ante el Ministerio P\u00fablico; 65 mil 529 atenciones psicol\u00f3gicas y diligencias; 78 mil 554 apoyos m\u00e9dicos y de trabajo social, as\u00ed como tres mil 635 asesor\u00edas jur\u00eddicas de primer contacto.<\/p>\n\n\n\n<p>\u201cMi compromiso tambi\u00e9n, como Gobierno del Estado y los que lo integramos es seguir trabajando y redoblando esfuerzos. Lo \u00fanico que les pido a ustedes ciudadan\u00eda, medios de comunicaci\u00f3n, servidores p\u00fablicos, hay que hacer esa cultura de denuncia\u201d, asever\u00f3 la Maestra Delfina G\u00f3mez \u00c1lvarez.<\/p>\n\n\n\n<p>Esta estrategia se complementa con programas espec\u00edficos como Canasta Alimentaria y Valentina, destinados para la atenci\u00f3n de ni\u00f1as, ni\u00f1os y adolescentes en situaci\u00f3n de orfandad. De esta forma, se fortalece una pol\u00edtica p\u00fablica orientada a la dignificaci\u00f3n y reconstrucci\u00f3n del tejido social.<\/p>\n\n\n\n<p>Al evento asistieron Horacio Duarte Olivares, Secretario General de Gobierno; Jes\u00fas George Zamora, Consejero Jur\u00eddico; Mar\u00eda Esther Rodr\u00edguez Hern\u00e1ndez, Secretaria de las Mujeres; Luis Miguel Carriedo T\u00e9llez, Comisionado Ejecutivo de Atenci\u00f3n a V\u00edctimas del Estado de M\u00e9xico, y Adolfo Cerqueda Rebollo, Presidente Municipal de Nezahualc\u00f3yotl.<\/p>\n","protected":false},"excerpt":{"rendered":"<p>* _El nuevo esquema en el Centro LIBRE re\u00fane servicios psicol\u00f3gicos, jur\u00eddicos y sociales para&#8230;<\/p>\n","protected":false},"author":8,"featured_media":90879,"comment_status":"closed","ping_status":"closed","sticky":false,"template":"","format":"standard","meta":{"footnotes":""},"categories":[4],"tags":[],"class_list":["post-90878","post","type-post","status-publish","format-standard","has-post-thumbnail","hentry","category-noticias-del-dia"],"_links":{"self":[{"href":"https:\/\/bambapolitica.com.mx\/index.php\/wp-json\/wp\/v2\/posts\/90878","targetHints":{"allow":["GET"]}}],"collection":[{"href":"https:\/\/bambapolitica.com.mx\/index.php\/wp-json\/wp\/v2\/posts"}],"about":[{"href":"https:\/\/bambapolitica.com.mx\/index.php\/wp-json\/wp\/v2\/types\/post"}],"author":[{"embeddable":true,"href":"https:\/\/bambapolitica.com.mx\/index.php\/wp-json\/wp\/v2\/users\/8"}],"replies":[{"embeddable":true,"href":"https:\/\/bambapolitica.com.mx\/index.php\/wp-json\/wp\/v2\/comments?post=90878"}],"version-history":[{"count":1,"href":"https:\/\/bambapolitica.com.mx\/index.php\/wp-json\/wp\/v2\/posts\/90878\/revisions"}],"predecessor-version":[{"id":90880,"href":"https:\/\/bambapolitica.com.mx\/index.php\/wp-json\/wp\/v2\/posts\/90878\/revisions\/90880"}],"wp:featuredmedia":[{"embeddable":true,"href":"https:\/\/bambapolitica.com.mx\/index.php\/wp-json\/wp\/v2\/media\/90879"}],"wp:attachment":[{"href":"https:\/\/bambapolitica.com.mx\/index.php\/wp-json\/wp\/v2\/media?parent=90878"}],"wp:term":[{"taxonomy":"category","embeddable":true,"href":"https:\/\/bambapolitica.com.mx\/index.php\/wp-json\/wp\/v2\/categories?post=90878"},{"taxonomy":"post_tag","embeddable":true,"href":"https:\/\/bambapolitica.com.mx\/index.php\/wp-json\/wp\/v2\/tags?post=90878"}],"curies":[{"name":"wp","href":"https:\/\/api.w.org\/{rel}","templated":true}]}}