{"id":90881,"date":"2026-04-28T05:44:09","date_gmt":"2026-04-28T11:44:09","guid":{"rendered":"https:\/\/bambapolitica.com.mx\/?p=90881"},"modified":"2026-04-28T05:44:32","modified_gmt":"2026-04-28T11:44:32","slug":"infancias-en-prision-el-riesgo-de-crecer-en-penales-del-edomex","status":"publish","type":"post","link":"https:\/\/bambapolitica.com.mx\/index.php\/2026\/04\/28\/infancias-en-prision-el-riesgo-de-crecer-en-penales-del-edomex\/","title":{"rendered":"Infancias en prisi\u00f3n: el riesgo de crecer en penales del Edomex"},"content":{"rendered":"\n<p>La convivencia con sus madres no garantiza condiciones dignas, ya que enfrentan violencia, carencias y entornos no dise\u00f1ados para su desarrollo, advierte investigaci\u00f3n acad\u00e9mica<\/p>\n\n\n\n<p>Ni\u00f1as y ni\u00f1os que viven con sus madres en penales del Estado de M\u00e9xico enfrentan violencia, carencias y entornos que, seg\u00fan especialistas, no garantizan su desarrollo integral <\/p>\n\n\n\n<p><strong>En el Estado de M\u00e9xico, ni\u00f1as y ni\u00f1os que viven con sus madres dentro de centros penitenciarios&nbsp;<\/strong>crecen en condiciones que&nbsp;<strong>no garantizan su desarrollo integra<\/strong>l, expuestos a violencia, limitaciones materiales y ausencia de servicios adecuados, de acuerdo con una investigaci\u00f3n realizada durante dos a\u00f1os en cuatro penales de la entidad.<\/p>\n\n\n\n<p>El estudio, encabezado por Alma Liliana D\u00edaz Mart\u00ednez, doctora en Ciencias Sociales e investigadora en estancia posdoctoral de la Secretar\u00eda de Educaci\u00f3n, Ciencia, Tecnolog\u00eda e Innovaci\u00f3n en la Facultad de Ciencias Pol\u00edticas y Sociales de la Universidad Aut\u00f3noma del Estado de M\u00e9xico (UAEM\u00e9x),\u00a0<strong>incluy\u00f3 trabajo de campo en los centros penitenciarios de Santiaguito, en Almoloya de Ju\u00e1rez; Nezahualc\u00f3yotl Bordo, Nezahualc\u00f3yotl Sur y Barrientos,\u00a0\u00a0en Tlalnepantla, donde se entrevist\u00f3 a 25 mujeres\u00a0<\/strong>privadas de la libertad y personal penitenciario, lo que permiti\u00f3 documentar las condiciones en las que se desarrolla la infancia en reclusi\u00f3n.<\/p>\n\n\n\n<p><br>Condiciones que no garantizan una crianza digna<\/p>\n\n\n\n<p>Aunque en algunos centros existen \u00e1reas destinadas a la maternidad,&nbsp;<strong>estas no aseguran entornos seguros ni adecuados para el desarrollo infantil.&nbsp;<\/strong>En el caso de Santiaguito, considerado uno de los penales con mejores instalaciones, existen espacios espec\u00edficos para beb\u00e9s; sin embargo, esto no se traduce en bienestar.<\/p>\n\n\n\n<p>\u201cEsto no solo lo dicen las madres, tambi\u00e9n lo reconoce el personal penitenciario que convive diariamente con ellas\u201d, explic\u00f3 la investigadora en entrevista con El Sol de Toluca.<\/p>\n\n\n\n<p>A ello, dijo, se suma que los espacios destinados a la infancia,&nbsp;<strong>como las bebetecas impulsadas por organizaciones civiles, como Reinserta, no est\u00e1n disponibles de forma permanente y carecen de personal especializado.<\/strong><\/p>\n\n\n\n<p>\u201cExisten estos espacios que parecieran dignificar la estancia, pero no est\u00e1n a disposici\u00f3n completa del binomio madre-hijo, hay horarios limitados y adem\u00e1s no hay personal capacitado para atenderlos, por lo que en la pr\u00e1ctica no pueden aprovecharse de tiempo completo\u201d, se\u00f1al\u00f3.<\/p>\n\n\n\n<p>Violencia, motines y riesgos cotidianos<\/p>\n\n\n\n<p>Uno de los aspectos m\u00e1s cr\u00edticos identificados en la investigaci\u00f3n es la exposici\u00f3n de ni\u00f1as y ni\u00f1os a contextos de violencia dentro de los penales, particularmente en centros del Valle de M\u00e9xico,&nbsp;<strong>donde las madres refirieron haber vivido motines, ri\u00f1as e incluso situaciones en las que menores resultaron lesionados.<\/strong><\/p>\n\n\n\n<p>A estos riesgos, a\u00f1adi\u00f3 la investigadora, se suma la exposici\u00f3n constante a&nbsp;<strong>din\u00e1micas propias del entorno penitenciario, que incluyen conflictos entre internas, consumo de sustancias y actos sexuales en espacios compartidos<\/strong>, lo que genera preocupaci\u00f3n entre las madres por el impacto que esto puede tener en sus hijos.<\/p>\n\n\n\n<p>\u201cSon infancias en riesgo, infancias cortadas, con poca estimulaci\u00f3n, acostumbradas a entornos limitados incluso en lo sensorial, donde predominan ciertos colores y rutinas r\u00edgidas que afectan su desarrollo emocional\u201d, advirti\u00f3 D\u00edaz Mart\u00ednez.<\/p>\n\n\n\n<p>La investigaci\u00f3n documenta que estos ni\u00f1os replican din\u00e1micas propias del encierro, desde los horarios hasta los juegos, que giran en torno a pr\u00e1cticas como el pase de lista, lo que evidencia la interiorizaci\u00f3n de la l\u00f3gica carcelaria desde edades tempranas.<\/p>\n","protected":false},"excerpt":{"rendered":"<p>La convivencia con sus madres no garantiza condiciones dignas, ya que enfrentan violencia, carencias y&#8230;<\/p>\n","protected":false},"author":8,"featured_media":90882,"comment_status":"closed","ping_status":"closed","sticky":false,"template":"","format":"standard","meta":{"footnotes":""},"categories":[4],"tags":[],"class_list":["post-90881","post","type-post","status-publish","format-standard","has-post-thumbnail","hentry","category-noticias-del-dia"],"_links":{"self":[{"href":"https:\/\/bambapolitica.com.mx\/index.php\/wp-json\/wp\/v2\/posts\/90881","targetHints":{"allow":["GET"]}}],"collection":[{"href":"https:\/\/bambapolitica.com.mx\/index.php\/wp-json\/wp\/v2\/posts"}],"about":[{"href":"https:\/\/bambapolitica.com.mx\/index.php\/wp-json\/wp\/v2\/types\/post"}],"author":[{"embeddable":true,"href":"https:\/\/bambapolitica.com.mx\/index.php\/wp-json\/wp\/v2\/users\/8"}],"replies":[{"embeddable":true,"href":"https:\/\/bambapolitica.com.mx\/index.php\/wp-json\/wp\/v2\/comments?post=90881"}],"version-history":[{"count":1,"href":"https:\/\/bambapolitica.com.mx\/index.php\/wp-json\/wp\/v2\/posts\/90881\/revisions"}],"predecessor-version":[{"id":90883,"href":"https:\/\/bambapolitica.com.mx\/index.php\/wp-json\/wp\/v2\/posts\/90881\/revisions\/90883"}],"wp:featuredmedia":[{"embeddable":true,"href":"https:\/\/bambapolitica.com.mx\/index.php\/wp-json\/wp\/v2\/media\/90882"}],"wp:attachment":[{"href":"https:\/\/bambapolitica.com.mx\/index.php\/wp-json\/wp\/v2\/media?parent=90881"}],"wp:term":[{"taxonomy":"category","embeddable":true,"href":"https:\/\/bambapolitica.com.mx\/index.php\/wp-json\/wp\/v2\/categories?post=90881"},{"taxonomy":"post_tag","embeddable":true,"href":"https:\/\/bambapolitica.com.mx\/index.php\/wp-json\/wp\/v2\/tags?post=90881"}],"curies":[{"name":"wp","href":"https:\/\/api.w.org\/{rel}","templated":true}]}}