{"id":90885,"date":"2026-04-28T05:58:47","date_gmt":"2026-04-28T11:58:47","guid":{"rendered":"https:\/\/bambapolitica.com.mx\/?p=90885"},"modified":"2026-04-28T05:58:52","modified_gmt":"2026-04-28T11:58:52","slug":"usuarios-alertan-por-presuntos-montachoques-en-la-autopista-mexico-puebla","status":"publish","type":"post","link":"https:\/\/bambapolitica.com.mx\/index.php\/2026\/04\/28\/usuarios-alertan-por-presuntos-montachoques-en-la-autopista-mexico-puebla\/","title":{"rendered":"Usuarios alertan por presuntos montachoques en la autopista M\u00e9xico-Puebla"},"content":{"rendered":"\n<p>La denuncia se hizo p\u00fablica luego de que un cami\u00f3n perteneciente a la l\u00ednea Volcanes invadiera el carril confinado del troleb\u00fas durante el fin de semana para evitar un ataque.<\/p>\n\n\n\n<p>Usuarios de transporte p\u00fablico y automovilistas que utilizan la autopista\u00a0<strong>M\u00e9xico-Puebla denunciaron la presencia de presuntos montachoques\u00a0<\/strong>en ciertos puntos de la vialidad, por lo que\u00a0<strong>exigen a las autoridades mayor vigilancia<\/strong>, pues esta problem\u00e1tica se suma a los constantes asaltos en transporte p\u00fablico.<br>Esta denuncia se hizo p\u00fablica luego de que\u00a0<strong>la tarde del domingo se diera a conocer un video en el cual se observa c\u00f3mo una unidad de la ruta Volcanes<\/strong>, que viene desde los municipios de la\u00a0<strong>zona de volcanes y viaja hacia la Ciudad de M\u00e9xico,<\/strong>\u00a0subi\u00f3 al tramo elevado del troleb\u00fas Chalco-Santa Martha.<\/p>\n\n\n\n<p>As\u00ed ocurri\u00f3 el incidente<\/p>\n\n\n\n<p>No fue hasta este lunes que\u00a0<strong>se dio a conocer la causa de que la unidad permaneci\u00f3 durante varios minutos en el tramo del kil\u00f3metro 22 de la autopista<\/strong>, justo donde ingresan las unidades articuladas al tramo elevado con direcci\u00f3n a Santa Martha.\u00a0<br><\/p>\n\n\n\n<p><br>De acuerdo con&nbsp;<strong>testigos de los hechos que viajaban a bordo de la unidad,<\/strong>&nbsp;<strong>un veh\u00edculo color negro presuntamente le cerr\u00f3 el paso al cami\u00f3n de pasajeros, ocasionando un choque por alcance<\/strong>. Posteriormente descendi\u00f3 del veh\u00edculo y comenz\u00f3 a amedrentar al conductor.<\/p>\n\n\n\n<p>Minutos despu\u00e9s<strong>&nbsp;otro veh\u00edculo color blanco le bloque\u00f3 el paso a la unidad por lo que los pasajeros,<\/strong>&nbsp;desesperados por los da\u00f1os que estaban ocasionando al veh\u00edculo de Volcanes, le pidieron al conductor que subiera al tramo elevado.<\/p>\n\n\n\n<p>Durante el tiempo que permanecieron&nbsp;<strong>en el sitio los presuntos montachoques<\/strong>, que a trav\u00e9s de redes sociales fueron&nbsp;<strong>identificados por varias personas tras viralizarse un video<\/strong>, rompieron cristales de la unidad con piedras y ocasionaron que por lo menos dos pasajeros resultaran&nbsp;lesionados.<\/p>\n\n\n\n<p>Inclusive, seg\u00fan informaci\u00f3n compartida por uno de los pasajeros,&nbsp;<strong>una persona tuvo que ser trasladada a un hospital debido a que recibi\u00f3 un fuerte golpe<\/strong>, adem\u00e1s de algunas cortadas por los cristales destrozados.&nbsp;<\/p>\n\n\n\n<h3 class=\"wp-block-heading\">Usuarios reportan casos similares<\/h3>\n\n\n\n<p>Luego de estos hechos violentos,<strong>&nbsp;otros usuarios de la autopista comenzaron a compartir experiencias similares,<\/strong>&nbsp;en las cuales tambi\u00e9n han sido amedrentados por un grupo de personas dedicadas supuestamente a dicha actividad.<\/p>\n\n\n\n<p>Tal es el caso de David, vecino de Valle de Chalco que&nbsp;<strong>declar\u00f3 haber sido v\u00edctima de un montachoque hace unos meses tambi\u00e9n en la autopista con direcci\u00f3n a la Ciudad de M\u00e9xico.<\/strong><\/p>\n\n\n\n<p>Explic\u00f3 que el modo de operaci\u00f3n es pr\u00e1cticamente el mismo que se muestra en los videos compartidos por las v\u00edctimas del incidente con el autob\u00fas Volcanes; sin embargo, debido a que en esa ocasi\u00f3n solo iba un solo veh\u00edculo y nunca descendi\u00f3 de su autom\u00f3vil, logr\u00f3 escaparse entre las calles aleda\u00f1as, pues se encontraba en los carriles laterales.<\/p>\n\n\n\n<p>\u201cNo me sorprende, siempre viajan de a tres o m\u00e1s personas. Siempre amedrentando, golpeando y queriendo da\u00f1ar los veh\u00edculos, nunca te piden llamar al seguro, siempre te piden arreglarse ah\u00ed mismo.&nbsp;<strong>La autopista ya es peligrosa por donde lo quieran ver, si no son ellos, son los asaltantes,<\/strong>&nbsp;o hasta las obras que vuelven intransitable todo\u201d, dijo David.<\/p>\n\n\n\n<p>Hasta el momento se desconoce si los involucrados fueron detenidos por los da\u00f1os al veh\u00edculo o las lesiones ocasionadas, sin embargo, los pasajeros exigieron que autoridades locales, estatales y federales refuercen la seguridad en la autopista.<\/p>\n\n\n\n<p>Mencionan que ya no se sienten seguros viajando en la v\u00eda de cuota debido a incidentes como estos y a la cantidad de asaltos a mano armada a bordo de las unidades de transporte p\u00fablico.&nbsp;<\/p>\n","protected":false},"excerpt":{"rendered":"<p>La denuncia se hizo p\u00fablica luego de que un cami\u00f3n perteneciente a la l\u00ednea Volcanes&#8230;<\/p>\n","protected":false},"author":8,"featured_media":90886,"comment_status":"closed","ping_status":"closed","sticky":false,"template":"","format":"standard","meta":{"footnotes":""},"categories":[4],"tags":[],"class_list":["post-90885","post","type-post","status-publish","format-standard","has-post-thumbnail","hentry","category-noticias-del-dia"],"_links":{"self":[{"href":"https:\/\/bambapolitica.com.mx\/index.php\/wp-json\/wp\/v2\/posts\/90885","targetHints":{"allow":["GET"]}}],"collection":[{"href":"https:\/\/bambapolitica.com.mx\/index.php\/wp-json\/wp\/v2\/posts"}],"about":[{"href":"https:\/\/bambapolitica.com.mx\/index.php\/wp-json\/wp\/v2\/types\/post"}],"author":[{"embeddable":true,"href":"https:\/\/bambapolitica.com.mx\/index.php\/wp-json\/wp\/v2\/users\/8"}],"replies":[{"embeddable":true,"href":"https:\/\/bambapolitica.com.mx\/index.php\/wp-json\/wp\/v2\/comments?post=90885"}],"version-history":[{"count":1,"href":"https:\/\/bambapolitica.com.mx\/index.php\/wp-json\/wp\/v2\/posts\/90885\/revisions"}],"predecessor-version":[{"id":90887,"href":"https:\/\/bambapolitica.com.mx\/index.php\/wp-json\/wp\/v2\/posts\/90885\/revisions\/90887"}],"wp:featuredmedia":[{"embeddable":true,"href":"https:\/\/bambapolitica.com.mx\/index.php\/wp-json\/wp\/v2\/media\/90886"}],"wp:attachment":[{"href":"https:\/\/bambapolitica.com.mx\/index.php\/wp-json\/wp\/v2\/media?parent=90885"}],"wp:term":[{"taxonomy":"category","embeddable":true,"href":"https:\/\/bambapolitica.com.mx\/index.php\/wp-json\/wp\/v2\/categories?post=90885"},{"taxonomy":"post_tag","embeddable":true,"href":"https:\/\/bambapolitica.com.mx\/index.php\/wp-json\/wp\/v2\/tags?post=90885"}],"curies":[{"name":"wp","href":"https:\/\/api.w.org\/{rel}","templated":true}]}}