{"id":90892,"date":"2026-04-28T09:24:31","date_gmt":"2026-04-28T15:24:31","guid":{"rendered":"https:\/\/bambapolitica.com.mx\/?p=90892"},"modified":"2026-04-28T09:24:37","modified_gmt":"2026-04-28T15:24:37","slug":"miguel-angel-yunes-marquez-niega-cancelacion-de-su-visa-atribuye-audio-a-ia","status":"publish","type":"post","link":"https:\/\/bambapolitica.com.mx\/index.php\/2026\/04\/28\/miguel-angel-yunes-marquez-niega-cancelacion-de-su-visa-atribuye-audio-a-ia\/","title":{"rendered":"Miguel \u00c1ngel Yunes M\u00e1rquez niega cancelaci\u00f3n de su visa; atribuye audio a IA"},"content":{"rendered":"\n<p>El senador de Morena asegura que tanto \u00e9l como su padre, Miguel \u00c1ngel Yunes Linares, cuentan con visa vigente para ingresar a Estados Unidos, pa\u00eds al que viaj\u00f3 en enero<\/p>\n\n\n\n<p><strong><a rel=\"noreferrer noopener\" href=\"https:\/\/oem.com.mx\/elsoldemexico\/mexico\/el-senador-miguel-angel-yunes-marquez-votara-a-favor-de-la-reforma-judicial-13130346\" target=\"_blank\">Miguel \u00c1ngel Yunes M\u00e1rquez<\/a><\/strong>, senador del grupo parlamentario de Morena,&nbsp;neg\u00f3&nbsp;este lunes que el gobierno de<strong>&nbsp;Estados Unidos&nbsp;<\/strong>haya&nbsp;<strong>cancelado<\/strong>&nbsp;su&nbsp;visa&nbsp;o la de su padre&nbsp;Miguel \u00c1ngel Yunes Linares, exgobernador de Veracruz, y asegur\u00f3 que&nbsp;<strong>ambos<\/strong>&nbsp;<strong>cuentan<\/strong>&nbsp;con&nbsp;<strong>documentos vigentes&nbsp;<\/strong>para ingresar a ese pa\u00eds.<\/p>\n\n\n\n<p>Lo anterior, luego de que el fin de semana se difundiera en redes sociales un audio atribuido a\u00a0<strong>Yunes Linares<\/strong>, en el que supuestamente\u00a0afirma que ya no tiene\u00a0<a href=\"https:\/\/oem.com.mx\/elsoldemexico\/finanzas\/tarjeta-dorada-de-trump-para-vivir-en-eu-como-funciona-la-visa-para-millonarios-29660970\" target=\"_blank\" rel=\"noreferrer noopener\">visa<\/a>\u00a0y que incluso se\u00a0<strong>comunic\u00f3<\/strong>con la Fiscal\u00eda General de la Rep\u00fablica (<strong>FGR<\/strong>).<\/p>\n\n\n\n<p>El\u00a0legislador veracruzano\u00a0<br>rechaz\u00f3 la autenticidad de ese material y sostuvo que se trata de\u00a0<strong>contenido manipulado<\/strong>\u00a0mediante\u00a0<a href=\"https:\/\/oem.com.mx\/elsoldemexico\/mexico\/un-mexicano-formara-parte-del-panel-que-analizara-la-inteligencia-artificial-29097427\" target=\"_blank\" rel=\"noreferrer noopener\"><strong>Inteligencia Artificial<\/strong><\/a>\u00a0(IA).<\/p>\n\n\n\n<p><q>Es una locura, es de Inteligencia Artificial.<\/q>Miguel \u00c1ngel Yunes M\u00e1rquez, senador de Morena.<\/p>\n\n\n\n<p>Al ser cuestionado sobre su estatus migratorio,&nbsp;<strong>Yunes M\u00e1rquez<\/strong>&nbsp;asegur\u00f3 que recientemente&nbsp;<strong>viaj\u00f3<\/strong>a<strong>&nbsp;Estados Unidos<\/strong>&nbsp;sin contratiempos.<\/p>\n\n\n\n<p><q>No tiene sentido hablar de eso. Yo tengo mi visa, esas son cosas que aparecieron en 2024. Acabo de ir a Estados Unidos en enero, as\u00ed te lo pongo, y cuando vuelva a ir les voy a tomar una foto.<\/q>Miguel \u00c1ngel Yunes M\u00e1rquez, senador de Morena.<\/p>\n\n\n\n<p>El&nbsp;<strong>senador<\/strong>&nbsp;se mostr\u00f3 inicialmente renuente a abordar el tema mientras esperaba un elevador en la<strong>&nbsp;sede legislativa<\/strong>, aunque finalmente accedi\u00f3 a responder a los cuestionamientos de la&nbsp;<strong>prensa<\/strong>.<\/p>\n\n\n\n<h3 class=\"wp-block-heading\">Aumenta la cancelaci\u00f3n de visas estadounidenses a pol\u00edticos mexicanos<\/h3>\n\n\n\n<p>En los \u00faltimos meses se han multiplicado los reportes sobre&nbsp;cancelaci\u00f3n de visas estadounidenses&nbsp;a&nbsp;<strong>pol\u00edticos mexicanos<\/strong>, en medio de la<strong>&nbsp;pol\u00edtica de seguridad<\/strong>&nbsp;impulsada por el presidente de Estados Unidos,&nbsp;Donald Trump, enfocada en el&nbsp;<strong>combate<\/strong>&nbsp;a redes del&nbsp;<strong>crimen organizado y delitos financieros.<\/strong><\/p>\n\n\n\n<p>Aunque el&nbsp;<strong>Departamento de Estado de Estados Unidos<\/strong>&nbsp;no est\u00e1 obligado a transparentar las causas de estas decisiones, especialistas se\u00f1alan que las&nbsp;<strong>revocaciones<\/strong>&nbsp;suelen estar vinculadas a&nbsp;<strong>investigaciones<\/strong>&nbsp;en curso,&nbsp;<strong>alertas de seguridad o inconsistencias<\/strong>&nbsp;en la informaci\u00f3n migratoria.<\/p>\n\n\n\n<p>En este contexto, han surgido versiones sobre casos que involucran a<strong>&nbsp;funcionarios y figuras p\u00fablicas<\/strong>, como reportes period\u00edsticos recientes que se\u00f1alan la supuesta<strong>&nbsp;revocaci\u00f3n de la visa&nbsp;<\/strong>del gobernador de Sinaloa,<strong>&nbsp;Rub\u00e9n Rocha Moya.<\/strong><\/p>\n\n\n\n<p>Si bien la&nbsp;<strong>cancelaci\u00f3n de visas<\/strong>&nbsp;es un&nbsp;<strong>procedimiento administrativo&nbsp;<\/strong>y no implica por s\u00ed mismo la&nbsp;<strong>comisi\u00f3n de un delito<\/strong>, su uso recurrente en casos de alto perfil ha generado&nbsp;<strong>especulaci\u00f3n pol\u00edtica<\/strong>&nbsp;y cuestionamientos sobre su impacto en la relaci\u00f3n bilateral entre M\u00e9xico y Estados Unidos.<\/p>\n","protected":false},"excerpt":{"rendered":"<p>El senador de Morena asegura que tanto \u00e9l como su padre, Miguel \u00c1ngel Yunes Linares,&#8230;<\/p>\n","protected":false},"author":8,"featured_media":90897,"comment_status":"closed","ping_status":"closed","sticky":false,"template":"","format":"standard","meta":{"footnotes":""},"categories":[4],"tags":[],"class_list":["post-90892","post","type-post","status-publish","format-standard","has-post-thumbnail","hentry","category-noticias-del-dia"],"_links":{"self":[{"href":"https:\/\/bambapolitica.com.mx\/index.php\/wp-json\/wp\/v2\/posts\/90892","targetHints":{"allow":["GET"]}}],"collection":[{"href":"https:\/\/bambapolitica.com.mx\/index.php\/wp-json\/wp\/v2\/posts"}],"about":[{"href":"https:\/\/bambapolitica.com.mx\/index.php\/wp-json\/wp\/v2\/types\/post"}],"author":[{"embeddable":true,"href":"https:\/\/bambapolitica.com.mx\/index.php\/wp-json\/wp\/v2\/users\/8"}],"replies":[{"embeddable":true,"href":"https:\/\/bambapolitica.com.mx\/index.php\/wp-json\/wp\/v2\/comments?post=90892"}],"version-history":[{"count":1,"href":"https:\/\/bambapolitica.com.mx\/index.php\/wp-json\/wp\/v2\/posts\/90892\/revisions"}],"predecessor-version":[{"id":90898,"href":"https:\/\/bambapolitica.com.mx\/index.php\/wp-json\/wp\/v2\/posts\/90892\/revisions\/90898"}],"wp:featuredmedia":[{"embeddable":true,"href":"https:\/\/bambapolitica.com.mx\/index.php\/wp-json\/wp\/v2\/media\/90897"}],"wp:attachment":[{"href":"https:\/\/bambapolitica.com.mx\/index.php\/wp-json\/wp\/v2\/media?parent=90892"}],"wp:term":[{"taxonomy":"category","embeddable":true,"href":"https:\/\/bambapolitica.com.mx\/index.php\/wp-json\/wp\/v2\/categories?post=90892"},{"taxonomy":"post_tag","embeddable":true,"href":"https:\/\/bambapolitica.com.mx\/index.php\/wp-json\/wp\/v2\/tags?post=90892"}],"curies":[{"name":"wp","href":"https:\/\/api.w.org\/{rel}","templated":true}]}}