{"id":90893,"date":"2026-04-28T09:21:50","date_gmt":"2026-04-28T15:21:50","guid":{"rendered":"https:\/\/bambapolitica.com.mx\/?p=90893"},"modified":"2026-04-28T09:21:53","modified_gmt":"2026-04-28T15:21:53","slug":"en-2025-se-reportaron-10-mil-700-desapariciones-de-menores-en-el-pais-sheinbaum-asegura-que-en-muchos-casos-son-ausencias-voluntarias","status":"publish","type":"post","link":"https:\/\/bambapolitica.com.mx\/index.php\/2026\/04\/28\/en-2025-se-reportaron-10-mil-700-desapariciones-de-menores-en-el-pais-sheinbaum-asegura-que-en-muchos-casos-son-ausencias-voluntarias\/","title":{"rendered":"En 2025 se reportaron 10 mil 700 desapariciones de menores en el pa\u00eds; Sheinbaum asegura que en muchos casos son ausencias voluntarias"},"content":{"rendered":"\n<p>A finales de 2025 la presidenta Claudia Sheinbaum minimiz\u00f3 la crisis de desapariciones en M\u00e9xico, al comentar que muchos de los reportados como desaparecidos simplemente se fueron de sus casas voluntariamente. Sin embargo durante el a\u00f1o pasado en el pa\u00eds se registraron 10 mil 700 reportes de desapariciones de ni\u00f1ez y adolescentes, principalmente en el estado y Ciudad de M\u00e9xico, as\u00ed como Tamaulipas, as\u00ed lo dio a conocer Tania Ram\u00edrez, directora ejecutiva de la Red por los Derechos de la Infancia (Redim). Extern\u00f3: <\/p>\n\n\n\n<p>&#8220;Esto quiere decir que hay 29 desapariciones al d\u00eda de alg\u00fan ni\u00f1o, ni\u00f1a o adolescente de 0 a 17 a\u00f1os. Afortunadamente muchos son encontrados con vida, pero siguen sin ser localizados casi 3 mil infantes&#8221;. Indica que el a\u00f1o pasado hubo mil 707 reportes por desapariciones de este sector de la poblaci\u00f3n, de los cuales 2 mil 856 segu\u00edan sin ser localizados, esto signific\u00f3, dijo, que la cantidad de ni\u00f1os ni\u00f1as y adolescentes reportados como alguna vez desaparecidos en el pa\u00eds, increment\u00f3 ligeramente 0.3 por ciento entre 2024 y 2025, es decir, de 10 mil 631 pas\u00f3 a 10 mil 707, mientras que el n\u00famero de personas, de cero a siete a\u00f1os, que contin\u00faan desaparecidas al 5 de enero de 2026 aument\u00f3 30.3 puntos porcentuales entre los mismos a\u00f1os de 2 mil 192 en 2024 a 2 mil 856 en 2025. <\/p>\n\n\n\n<p>&#8220;Uno de cada cinco casos reportados fueron registrados en el estado de M\u00e9xico con 4 mil 116 en total, el 8.9 por ciento en la Ciudad de M\u00e9xico con mil 628 y 8.6 por ciento en Tamaulipas con mil 738. Dos de cada cinco casos se concentran en estas tres entidades&#8221;, comenta. La Redim realiza la &#8220;Cascarita por el D\u00eda de la Ni\u00f1ez, Hasta encontrarles&#8221; en la Glorieta de las y los Desaparecidos, en Paseo de la Reforma, Ciudad de M\u00e9xico para visibilizar &#8220;la indolencia&#8221; de las autoridades para resolver este problema.<\/p>\n","protected":false},"excerpt":{"rendered":"<p>A finales de 2025 la presidenta Claudia Sheinbaum minimiz\u00f3 la crisis de desapariciones en M\u00e9xico,&#8230;<\/p>\n","protected":false},"author":3,"featured_media":90894,"comment_status":"closed","ping_status":"closed","sticky":false,"template":"","format":"standard","meta":{"footnotes":""},"categories":[4],"tags":[],"class_list":["post-90893","post","type-post","status-publish","format-standard","has-post-thumbnail","hentry","category-noticias-del-dia"],"_links":{"self":[{"href":"https:\/\/bambapolitica.com.mx\/index.php\/wp-json\/wp\/v2\/posts\/90893","targetHints":{"allow":["GET"]}}],"collection":[{"href":"https:\/\/bambapolitica.com.mx\/index.php\/wp-json\/wp\/v2\/posts"}],"about":[{"href":"https:\/\/bambapolitica.com.mx\/index.php\/wp-json\/wp\/v2\/types\/post"}],"author":[{"embeddable":true,"href":"https:\/\/bambapolitica.com.mx\/index.php\/wp-json\/wp\/v2\/users\/3"}],"replies":[{"embeddable":true,"href":"https:\/\/bambapolitica.com.mx\/index.php\/wp-json\/wp\/v2\/comments?post=90893"}],"version-history":[{"count":1,"href":"https:\/\/bambapolitica.com.mx\/index.php\/wp-json\/wp\/v2\/posts\/90893\/revisions"}],"predecessor-version":[{"id":90895,"href":"https:\/\/bambapolitica.com.mx\/index.php\/wp-json\/wp\/v2\/posts\/90893\/revisions\/90895"}],"wp:featuredmedia":[{"embeddable":true,"href":"https:\/\/bambapolitica.com.mx\/index.php\/wp-json\/wp\/v2\/media\/90894"}],"wp:attachment":[{"href":"https:\/\/bambapolitica.com.mx\/index.php\/wp-json\/wp\/v2\/media?parent=90893"}],"wp:term":[{"taxonomy":"category","embeddable":true,"href":"https:\/\/bambapolitica.com.mx\/index.php\/wp-json\/wp\/v2\/categories?post=90893"},{"taxonomy":"post_tag","embeddable":true,"href":"https:\/\/bambapolitica.com.mx\/index.php\/wp-json\/wp\/v2\/tags?post=90893"}],"curies":[{"name":"wp","href":"https:\/\/api.w.org\/{rel}","templated":true}]}}