{"id":90896,"date":"2026-04-28T09:26:58","date_gmt":"2026-04-28T15:26:58","guid":{"rendered":"https:\/\/bambapolitica.com.mx\/?p=90896"},"modified":"2026-04-28T09:27:23","modified_gmt":"2026-04-28T15:27:23","slug":"detencion-de-el-jardinero-desata-violencia-en-nayarit-piden-a-la-poblacion-no-salir","status":"publish","type":"post","link":"https:\/\/bambapolitica.com.mx\/index.php\/2026\/04\/28\/detencion-de-el-jardinero-desata-violencia-en-nayarit-piden-a-la-poblacion-no-salir\/","title":{"rendered":"Detenci\u00f3n de \u2018El Jardinero\u2019 desata violencia en Nayarit; piden a la poblaci\u00f3n no salir"},"content":{"rendered":"\n<p>El gobierno de Nayarit y municipios llaman a la poblaci\u00f3n a resguardarse en sus hogares tras quema de negocios y violencia desatada por la detenci\u00f3n de \u2018El Jardinero\u2019.<\/p>\n\n\n\n<p>Reportes de incidentes en distintos puntos de&nbsp;<strong>Nayarit<\/strong>, principalmente en el&nbsp;<strong>municipio de Tecuala<\/strong>, se registraron tras la&nbsp;<a href=\"https:\/\/www.elfinanciero.com.mx\/nacional\/2026\/04\/27\/detencion-de-el-jardinero-desata-violencia-en-nayarit-piden-a-la-poblacion-no-salir\/\">detenci\u00f3n de Audias \u2018N\u2019, alias \u2018El Jardinero\u2018<\/a>, y su operador financiero, informada por el&nbsp;<a href=\"https:\/\/www.elfinanciero.com.mx\/estados\/2026\/04\/22\/harfuch-confirma-operativo-contra-el-guano-hermano-del-chapo-todavia-no-se-confirma-su-detencion\/\">secretario de Seguridad y Protecci\u00f3n Ciudadana, Omar Garc\u00eda Harfuch<\/a>.<\/p>\n\n\n\n<p>De acuerdo con versiones difundidas a nivel local, en Tecuala se report\u00f3 la&nbsp;<strong>quema de un negocio<\/strong>&nbsp;en la calle M\u00e9xico esquina con Iturbide, as\u00ed como detonaciones de arma de fuego en la cabecera municipal. La informaci\u00f3n ha sido se\u00f1alada como preliminar y sin un balance oficial detallado.<\/p>\n\n\n\n<p>Ante las&nbsp;<a href=\"https:\/\/www.elfinanciero.com.mx\/nacional\/2026\/04\/27\/por-que-la-detencion-de-audias-flores-silva-el-jardinero-es-tambien-un-golpe-para-los-chapitos\/\">detenciones de los capos del CJNG<\/a>, el&nbsp;<strong>Gobierno del Estado de Nayarit inform\u00f3&nbsp;<\/strong>quemantiene<strong>&nbsp;coordinaci\u00f3n con autoridades<\/strong>&nbsp;federales y municipales para atender la situaci\u00f3n. \u201cLas autoridades de los tres \u00f3rdenes de gobierno mantienen acciones operativas y de prevenci\u00f3n para&nbsp;<strong>salvaguardar la paz y la tranquilidad social&nbsp;<\/strong>en la entidad\u201d, indic\u00f3 en un comunicado.<\/p>\n\n\n\n<p>Adem\u00e1s, llam\u00f3 a la poblaci\u00f3n a evitar la difusi\u00f3n de informaci\u00f3n no verificada y a resguardarse de manera preventiva. \u201cSe invita a la ciudadan\u00eda a resguardarse en sus hogares y evitar salir de no ser necesario\u201d, se\u00f1al\u00f3.<\/p>\n\n\n\n<h2 class=\"wp-block-heading\">Municipios de Nayarit piden a habitantes permanecer en sus hogares<\/h2>\n\n\n\n<p>A nivel municipal, distintos ayuntamientos emitieron llamados similares, tal&nbsp;<a href=\"https:\/\/www.elfinanciero.com.mx\/estados\/2026\/04\/24\/el-mencho-desata-terror-guadalajara-y-puerto-vallarta-las-zonas-con-mayor-percepcion-de-inseguridad\/\">como ocurri\u00f3 cuando fue detenido Nemesio Oseguera Cervantes<\/a>.<\/p>\n\n\n\n<p>En&nbsp;<strong>Tecuala<\/strong>, la autoridad exhort\u00f3 a la poblaci\u00f3n a no salir de sus viviendas. \u201cSe exhorta a toda la poblaci\u00f3n a permanecer en sus hogares y evitar salir a las calles hasta que las autoridades indiquen que la situaci\u00f3n est\u00e9 controlada\u201d, inform\u00f3.<\/p>\n\n\n\n<p>En&nbsp;<strong>Ahuacatl\u00e1n<\/strong>, el gobierno municipal recomend\u00f3 evitar traslados no esenciales y mantenerse informados a trav\u00e9s de canales oficiales, mientras que en Santa Mar\u00eda del Oro se pidi\u00f3 \u201cmantener la calma y permanecer en sus hogares hasta nuevo aviso\u201d.<\/p>\n\n\n\n<p>Por su parte, el&nbsp;<a href=\"https:\/\/www.elfinanciero.com.mx\/empresas\/2026\/02\/22\/vuelos-cancelados-en-jalisco-en-tiempo-real-por-muerte-de-el-mencho-cuales-cerraron\/\">gobierno de Tepic inform\u00f3 que mantiene coordinaci\u00f3n con instancias estatales y federales<\/a>para reforzar la seguridad en la capital. \u201cA esta hora, se han reforzado los&nbsp;<strong>mecanismos de vigilancia<\/strong>&nbsp;y prevenci\u00f3n en la capital, bajo la coordinaci\u00f3n de las autoridades estatales y federales con el objetivo de salvaguardar la integridad de las familias tepicenses\u201d, se\u00f1al\u00f3.<\/p>\n\n\n\n<p>Asimismo, llam\u00f3 a la ciudadan\u00eda a mantenerse informada por v\u00edas oficiales. \u201cHacemos un llamado a la ciudadan\u00eda a\u00a0<strong>mantener la calma<\/strong>, informarse a trav\u00e9s de canales oficiales y permanecer atenta a cualquier actualizaci\u00f3n\u201d, indic\u00f3.<\/p>\n\n\n\n<p>Las autoridades estatales a\u00f1adieron que se mantiene\u00a0<strong>vigilancia permanente<\/strong>\u00a0y capacidad de respuesta, en el contexto de los hechos recientes derivados de acciones de fuerzas federales en la entidad.<\/p>\n","protected":false},"excerpt":{"rendered":"<p>El gobierno de Nayarit y municipios llaman a la poblaci\u00f3n a resguardarse en sus hogares&#8230;<\/p>\n","protected":false},"author":3,"featured_media":90899,"comment_status":"closed","ping_status":"closed","sticky":false,"template":"","format":"standard","meta":{"footnotes":""},"categories":[4],"tags":[],"class_list":["post-90896","post","type-post","status-publish","format-standard","has-post-thumbnail","hentry","category-noticias-del-dia"],"_links":{"self":[{"href":"https:\/\/bambapolitica.com.mx\/index.php\/wp-json\/wp\/v2\/posts\/90896","targetHints":{"allow":["GET"]}}],"collection":[{"href":"https:\/\/bambapolitica.com.mx\/index.php\/wp-json\/wp\/v2\/posts"}],"about":[{"href":"https:\/\/bambapolitica.com.mx\/index.php\/wp-json\/wp\/v2\/types\/post"}],"author":[{"embeddable":true,"href":"https:\/\/bambapolitica.com.mx\/index.php\/wp-json\/wp\/v2\/users\/3"}],"replies":[{"embeddable":true,"href":"https:\/\/bambapolitica.com.mx\/index.php\/wp-json\/wp\/v2\/comments?post=90896"}],"version-history":[{"count":1,"href":"https:\/\/bambapolitica.com.mx\/index.php\/wp-json\/wp\/v2\/posts\/90896\/revisions"}],"predecessor-version":[{"id":90900,"href":"https:\/\/bambapolitica.com.mx\/index.php\/wp-json\/wp\/v2\/posts\/90896\/revisions\/90900"}],"wp:featuredmedia":[{"embeddable":true,"href":"https:\/\/bambapolitica.com.mx\/index.php\/wp-json\/wp\/v2\/media\/90899"}],"wp:attachment":[{"href":"https:\/\/bambapolitica.com.mx\/index.php\/wp-json\/wp\/v2\/media?parent=90896"}],"wp:term":[{"taxonomy":"category","embeddable":true,"href":"https:\/\/bambapolitica.com.mx\/index.php\/wp-json\/wp\/v2\/categories?post=90896"},{"taxonomy":"post_tag","embeddable":true,"href":"https:\/\/bambapolitica.com.mx\/index.php\/wp-json\/wp\/v2\/tags?post=90896"}],"curies":[{"name":"wp","href":"https:\/\/api.w.org\/{rel}","templated":true}]}}