{"id":90901,"date":"2026-04-28T09:41:41","date_gmt":"2026-04-28T15:41:41","guid":{"rendered":"https:\/\/bambapolitica.com.mx\/?p=90901"},"modified":"2026-04-28T09:41:46","modified_gmt":"2026-04-28T15:41:46","slug":"senado-afirma-que-si-hay-reunion-con-maru-campos-por-agentes-de-eu-hay-dudas-y-confusion","status":"publish","type":"post","link":"https:\/\/bambapolitica.com.mx\/index.php\/2026\/04\/28\/senado-afirma-que-si-hay-reunion-con-maru-campos-por-agentes-de-eu-hay-dudas-y-confusion\/","title":{"rendered":"Senado afirma que S\u00cd hay reuni\u00f3n con Maru Campos por agentes de EU: \u2018Hay dudas y confusi\u00f3n\u2019"},"content":{"rendered":"\n<p>\u00d3scar Cant\u00f3n Zetina, senador de Morena, dijo que los legisladores s\u00ed tienen confirmado que la gobernadora Maru Campos se presentar\u00e1 este martes para un encuentro con las comisiones de Puntos Constitucionales y Seguridad.<\/p>\n\n\n\n<p>\u00a1P\u00f3nganse de acuerdo! El Senado de la Rep\u00fablica afirm\u00f3 que la&nbsp;<a href=\"https:\/\/www.elfinanciero.com.mx\/nacional\/2026\/04\/27\/maru-campos-deja-en-visto-al-senado-gobernadora-de-chihuahua-no-acudira-a-explicar-el-caso-de-los-agentes-de-eu\/\" target=\"_blank\" rel=\"noreferrer noopener\">gobernadora Maru Campos<\/a>&nbsp;s\u00ed asistir\u00e1 este martes 28 de abril a una&nbsp;<strong>reuni\u00f3n con las comisiones de Puntos Constitucionales y Seguridad P\u00fablica<\/strong>.<\/p>\n\n\n\n<p>\u201cS\u00ed est\u00e1 confirmada (su asistencia) para las 11 de la ma\u00f1ana, para sostener una reuni\u00f3n\u201d, dijo \u00d3scar Cant\u00f3n Zetina en entrevista con Azucena Uresti.<\/p>\n\n\n\n<p>El senador de Morena asegur\u00f3 que la reuni\u00f3n con&nbsp;<a href=\"https:\/\/www.elfinanciero.com.mx\/estados\/2026\/04\/27\/o-fue-la-fiscalia-de-chihuahua-o-el-gobierno-sheinbaum-sobre-comision-de-maru-campos-por-agentes-de-eu\/\" target=\"_blank\" rel=\"noreferrer noopener\">Maru Campos<\/a>&nbsp;ser\u00e1 transmitida por el Canal del Congreso. \u201cEsa es una condici\u00f3n que puso el Senado de la Rep\u00fablica, y ella acept\u00f3 la invitaci\u00f3n para esta reuni\u00f3n de trabajo\u201d.<\/p>\n\n\n\n<p>Cant\u00f3n Zetina prev\u00e9 que el encuentro con la gobernadora de Chihuahua dure m\u00e1ximo dos horas.<\/p>\n\n\n\n<p>\u201cNosotros tenemos la convicci\u00f3n de que esta reuni\u00f3n es muy importante y estamos agradecidos por la disposici\u00f3n de la&nbsp;<a href=\"https:\/\/www.elfinanciero.com.mx\/opinion\/salvador-camarena\/2026\/04\/24\/maru-campos-y-el-fin-de-la-oposicion-leal\/\" target=\"_blank\" rel=\"noreferrer noopener\">gobernadora Maru Campos<\/a>, porque cada momento que transcurre hay m\u00e1s dudas y confusi\u00f3n sobre lo que ha pasado en Chihuahua\u201d, dijo el senador de Morena en relaci\u00f3n al&nbsp;<a href=\"https:\/\/www.elfinanciero.com.mx\/estados\/2026\/04\/24\/crean-unidad-especial-para-investigar-la-muerte-de-agentes-de-la-cia-y-operativo-en-chihuahua\/\" target=\"_blank\" rel=\"noreferrer noopener\">caso de dos agentes de EU<\/a>&nbsp;se\u00f1alados de participar en operativos de seguridad en el estado.<\/p>\n\n\n\n<p>\u00d3scar Cant\u00f3n Zetina tambi\u00e9n subray\u00f3 que la&nbsp;<a href=\"https:\/\/www.elfinanciero.com.mx\/estados\/2026\/04\/27\/cesar-jauregui-moreno-fiscal-de-chihuahua-renuncia-a-su-cargo-tras-entrada-y-muerte-de-agentes-de-eu-reconoce-omisiones\/\" target=\"_blank\" rel=\"noreferrer noopener\">renuncia de C\u00e9sar Jauregui como fiscal de Chihuahua<\/a>&nbsp;refuerza la necesidad de que los senadores cuestionen a la gobernadora Maru Campos.<\/p>\n\n\n\n<p>\u201c\u00c9l acepta que no se cumpli\u00f3 con la normatividad, que hubo inconsistencias, que no hubo comunicaci\u00f3n con los mandos y que asume la responsabilidad\u201d, se\u00f1al\u00f3.<\/p>\n\n\n\n<h2 class=\"wp-block-heading\">\u00bfQu\u00e9 dijo Maru Campos sobre la comparecencia en el Senado?<\/h2>\n\n\n\n<p>La declaraci\u00f3n de \u00d3scar Cant\u00f3n Zetina \u2018choca\u2019 con lo dicho por el equipo de la gobernadora de Chihuahua quien afirm\u00f3 que no ir\u00e1 al encuentro en la C\u00e1mara Alta.<\/p>\n\n\n\n<p>Maru Campos se\u00f1al\u00f3 que solo \u201crinde cuentas\u201d al pueblo de Chihuahua cuando fue cuestionada sobre el tema. \u201c<strong>Tienen una gobernadora que seguir\u00e1 fuerte combatiendo el narcotr\u00e1fico<\/strong>, trabajando para combatir la delincuencia\u201d, declar\u00f3 a medios el lunes 27 de abri.<\/p>\n\n\n\n<p>En su programa radiof\u00f3nico, el periodista Ciro G\u00f3mez Leyva tambi\u00e9n reforz\u00f3 esa sesi\u00f3n al mencionar que Maru Campos le dijo en un mensaje de texto que no est\u00e1ra en la Ciudad de M\u00e9xico este martes 28 de abril.<\/p>\n\n\n\n<h2 class=\"wp-block-heading\">\u2018Esperemos que sea una excepci\u00f3n\u2019, Sheinbaum sobre agentes de EU en Chihuahua<\/h2>\n\n\n\n<p>La presidenta Claudia Sheinbaum cuestion\u00f3 a las autoridades de Chihuahua por la presunta participaci\u00f3n de agentes estadounidenses en un operativo, donde murieron dos presuntos integrantes de la CIA, al advertir que pudo haberse vulnerado la&nbsp;<strong>Ley de Seguridad Nacional<\/strong>.<\/p>\n\n\n\n<p>\u201cEsperemos que sea un caso de excepci\u00f3n, que a partir de este momento, como se venia haciendo,<strong>&nbsp;se cumplan las reglas de nuestra Constituci\u00f3n<\/strong>&nbsp;y de la Ley de Seguridad Nacional. El punto es que se viol\u00f3 la Constituci\u00f3n, que hay una violaci\u00f3n a la soberan\u00eda nacional, que hay (\u2026) delitos contra la seguridad nacional tambi\u00e9n&#8221;, afirm\u00f3.<\/p>\n\n\n\n<p>La presidenta explic\u00f3 que el secretario&nbsp;<a href=\"https:\/\/www.elfinanciero.com.mx\/nacional\/2026\/04\/27\/segundo-trancazo-al-cjng-del-dia-garcia-harfuch-confirma-detencion-de-operador-de-el-jardinero\/\" target=\"_blank\" rel=\"noreferrer noopener\">Omar Garc\u00eda Harfuch<\/a>&nbsp;inform\u00f3 a la administraci\u00f3n de Chihuahua que el Gobierno federal no fue notificado ni se siguieron los procedimientos legales previstos para la presencia de agentes extranjeros en labores de seguridad.<\/p>\n\n\n\n<p>\u201cEra una violaci\u00f3n que el Gobierno Federal no ten\u00eda conocimiento y que no se hab\u00edan seguido los procedimientos para poder informar al Gobierno Federal\u201d, destac\u00f3.<\/p>\n","protected":false},"excerpt":{"rendered":"<p>\u00d3scar Cant\u00f3n Zetina, senador de Morena, dijo que los legisladores s\u00ed tienen confirmado que la&#8230;<\/p>\n","protected":false},"author":3,"featured_media":90902,"comment_status":"closed","ping_status":"closed","sticky":false,"template":"","format":"standard","meta":{"footnotes":""},"categories":[4],"tags":[],"class_list":["post-90901","post","type-post","status-publish","format-standard","has-post-thumbnail","hentry","category-noticias-del-dia"],"_links":{"self":[{"href":"https:\/\/bambapolitica.com.mx\/index.php\/wp-json\/wp\/v2\/posts\/90901","targetHints":{"allow":["GET"]}}],"collection":[{"href":"https:\/\/bambapolitica.com.mx\/index.php\/wp-json\/wp\/v2\/posts"}],"about":[{"href":"https:\/\/bambapolitica.com.mx\/index.php\/wp-json\/wp\/v2\/types\/post"}],"author":[{"embeddable":true,"href":"https:\/\/bambapolitica.com.mx\/index.php\/wp-json\/wp\/v2\/users\/3"}],"replies":[{"embeddable":true,"href":"https:\/\/bambapolitica.com.mx\/index.php\/wp-json\/wp\/v2\/comments?post=90901"}],"version-history":[{"count":1,"href":"https:\/\/bambapolitica.com.mx\/index.php\/wp-json\/wp\/v2\/posts\/90901\/revisions"}],"predecessor-version":[{"id":90903,"href":"https:\/\/bambapolitica.com.mx\/index.php\/wp-json\/wp\/v2\/posts\/90901\/revisions\/90903"}],"wp:featuredmedia":[{"embeddable":true,"href":"https:\/\/bambapolitica.com.mx\/index.php\/wp-json\/wp\/v2\/media\/90902"}],"wp:attachment":[{"href":"https:\/\/bambapolitica.com.mx\/index.php\/wp-json\/wp\/v2\/media?parent=90901"}],"wp:term":[{"taxonomy":"category","embeddable":true,"href":"https:\/\/bambapolitica.com.mx\/index.php\/wp-json\/wp\/v2\/categories?post=90901"},{"taxonomy":"post_tag","embeddable":true,"href":"https:\/\/bambapolitica.com.mx\/index.php\/wp-json\/wp\/v2\/tags?post=90901"}],"curies":[{"name":"wp","href":"https:\/\/api.w.org\/{rel}","templated":true}]}}