{"id":90911,"date":"2026-04-28T12:06:59","date_gmt":"2026-04-28T18:06:59","guid":{"rendered":"https:\/\/bambapolitica.com.mx\/?p=90911"},"modified":"2026-04-28T12:07:07","modified_gmt":"2026-04-28T18:07:07","slug":"tras-salida-expres-de-luisa-maria-morena-renovara-el-3-de-mayo-su-directiva-y-sus-estatutos-el-partido-guinda-anda-cayendo-en-las-encuestas","status":"publish","type":"post","link":"https:\/\/bambapolitica.com.mx\/index.php\/2026\/04\/28\/tras-salida-expres-de-luisa-maria-morena-renovara-el-3-de-mayo-su-directiva-y-sus-estatutos-el-partido-guinda-anda-cayendo-en-las-encuestas\/","title":{"rendered":"Tras salida expr\u00e9s de Luisa Maria, Morena renovar\u00e1 el 3 de mayo su directiva y sus estatutos; el partido guinda anda cayendo en las encuestas"},"content":{"rendered":"\n<p>Tras la repentina salida de Luisa Mar\u00eda Alcalde, la ca\u00edda en las encuestas en Morena y la introversi\u00f3n de la Presidenta Claudia Sheinbaum Pardo, el Movimiento de Regeneraci\u00f3n Nacional emiti\u00f3 la convocatoria formal para avalar su nueva presidencia nacional del partido el pr\u00f3ximo 3 de mayo.<\/p>\n\n\n\n<p> De acuerdo a lo informado, ser\u00e1 en un acto organizado en el World Trade Center donde los morenistas pondr\u00e1n a votaci\u00f3n la sustituci\u00f3n de la presidencia del partido, ante las versiones de que ser\u00e1 impulsada la actual secretaria de Bienestar, Ariadna Montiel.<\/p>\n\n\n\n<p> Este lunes, el Comit\u00e9 Ejecutivo Nacional (CEN) de este instituto pol\u00edtico aprob\u00f3 la convocatoria al octavo Congreso Nacional Extraordinario, m\u00e1ximo \u00f3rgano del partido, con la finalidad de aprobar la renovaci\u00f3n de su dirigencia nacional. <\/p>\n\n\n\n<p>Adem\u00e1s de la salida de Luisa Alcalde, quien dejar\u00e1 la presidencia del partido para integrarse a la Consejer\u00eda Jur\u00eddica del Ejecutivo federal, tambi\u00e9n se dio a conocer que dejar\u00e1 su cargo el secretario de Finanzas, Iv\u00e1n Herrera Zazueta. Los dos nombramientos que definir\u00e1 el Congreso Nacional estar\u00e1n vigentes desde ese d\u00eda y hasta el primero de octubre de 2027. <\/p>\n\n\n\n<p>En el contexto actual, se indica en el documento, \u201cse configura un espacio de reflexi\u00f3n id\u00f3neo en el cual se puede desarrollar el octavo Congreso Nacional Extraordinario para la sustituci\u00f3n de la dirigencia nacional de Morena antes del inicio formal de los procesos electorales\u201d. En la convocatoria se agrega que tambi\u00e9n se pondr\u00e1n a discusi\u00f3n reformas a los estatutos del partido.<\/p>\n","protected":false},"excerpt":{"rendered":"<p>Tras la repentina salida de Luisa Mar\u00eda Alcalde, la ca\u00edda en las encuestas en Morena&#8230;<\/p>\n","protected":false},"author":8,"featured_media":90912,"comment_status":"closed","ping_status":"closed","sticky":false,"template":"","format":"standard","meta":{"footnotes":""},"categories":[4],"tags":[],"class_list":["post-90911","post","type-post","status-publish","format-standard","has-post-thumbnail","hentry","category-noticias-del-dia"],"_links":{"self":[{"href":"https:\/\/bambapolitica.com.mx\/index.php\/wp-json\/wp\/v2\/posts\/90911","targetHints":{"allow":["GET"]}}],"collection":[{"href":"https:\/\/bambapolitica.com.mx\/index.php\/wp-json\/wp\/v2\/posts"}],"about":[{"href":"https:\/\/bambapolitica.com.mx\/index.php\/wp-json\/wp\/v2\/types\/post"}],"author":[{"embeddable":true,"href":"https:\/\/bambapolitica.com.mx\/index.php\/wp-json\/wp\/v2\/users\/8"}],"replies":[{"embeddable":true,"href":"https:\/\/bambapolitica.com.mx\/index.php\/wp-json\/wp\/v2\/comments?post=90911"}],"version-history":[{"count":1,"href":"https:\/\/bambapolitica.com.mx\/index.php\/wp-json\/wp\/v2\/posts\/90911\/revisions"}],"predecessor-version":[{"id":90913,"href":"https:\/\/bambapolitica.com.mx\/index.php\/wp-json\/wp\/v2\/posts\/90911\/revisions\/90913"}],"wp:featuredmedia":[{"embeddable":true,"href":"https:\/\/bambapolitica.com.mx\/index.php\/wp-json\/wp\/v2\/media\/90912"}],"wp:attachment":[{"href":"https:\/\/bambapolitica.com.mx\/index.php\/wp-json\/wp\/v2\/media?parent=90911"}],"wp:term":[{"taxonomy":"category","embeddable":true,"href":"https:\/\/bambapolitica.com.mx\/index.php\/wp-json\/wp\/v2\/categories?post=90911"},{"taxonomy":"post_tag","embeddable":true,"href":"https:\/\/bambapolitica.com.mx\/index.php\/wp-json\/wp\/v2\/tags?post=90911"}],"curies":[{"name":"wp","href":"https:\/\/api.w.org\/{rel}","templated":true}]}}